{"id":9989,"date":"2022-04-16T09:24:44","date_gmt":"2022-04-16T07:24:44","guid":{"rendered":"https:\/\/www.kulturkreis-wachtendonk.de\/cms\/?p=9989"},"modified":"2022-07-27T09:49:45","modified_gmt":"2022-07-27T07:49:45","slug":"kabarett-im-festzelt-2","status":"publish","type":"post","link":"https:\/\/www.kulturkreis-wachtendonk.de\/cms\/kabarett-im-festzelt-2\/","title":{"rendered":"&#8211; StandUp  und Comedy-Theater im Festzelt"},"content":{"rendered":"<p><figure id=\"attachment_10392\" aria-describedby=\"caption-attachment-10392\" style=\"width: 190px\" class=\"wp-caption alignleft\"><img decoding=\"async\" class=\"size-thumbnail wp-image-10392\" src=\"https:\/\/www.kulturkreis-wachtendonk.de\/cms\/wp-content\/uploads\/2022\/04\/Soeren_Leyers-200x200.jpg\" alt=\"\" width=\"200\" height=\"200\" \/><figcaption id=\"caption-attachment-10392\" class=\"wp-caption-text\">S\u00f6ren Leyers<\/figcaption><\/figure> <figure id=\"attachment_10393\" aria-describedby=\"caption-attachment-10393\" style=\"width: 143px\" class=\"wp-caption alignleft\"><img decoding=\"async\" class=\"wp-image-10393 \" src=\"https:\/\/www.kulturkreis-wachtendonk.de\/cms\/wp-content\/uploads\/2022\/04\/wallstreettheatre_sb_2hats-228x300.jpg\" alt=\"\" width=\"153\" height=\"201\" srcset=\"https:\/\/www.kulturkreis-wachtendonk.de\/cms\/wp-content\/uploads\/2022\/04\/wallstreettheatre_sb_2hats-228x300.jpg 228w, https:\/\/www.kulturkreis-wachtendonk.de\/cms\/wp-content\/uploads\/2022\/04\/wallstreettheatre_sb_2hats-768x1011.jpg 768w, https:\/\/www.kulturkreis-wachtendonk.de\/cms\/wp-content\/uploads\/2022\/04\/wallstreettheatre_sb_2hats-778x1024.jpg 778w, https:\/\/www.kulturkreis-wachtendonk.de\/cms\/wp-content\/uploads\/2022\/04\/wallstreettheatre_sb_2hats.jpg 1772w\" sizes=\"(max-width: 153px) 100vw, 153px\" \/><figcaption id=\"caption-attachment-10393\" class=\"wp-caption-text\"><span style=\"font-size: 16px;\">WallStreetTheatre<\/span><\/figcaption><\/figure><\/p>\n<p><strong>\u00a0<\/strong><\/p>\n<p><strong>&#8211; StandUp &#8211; und Comedy-Theater <br \/>\n<\/strong><strong><br \/>\nS\u00f6ren Leyers &amp; <span style=\"font-size: 16px;\">WallStreetTheatre<\/span><\/strong><\/p>\n<p><strong>Montag, 20.6.2022, 19.30 Uhr<\/strong><\/p>\n<p>&nbsp;<\/p>\n<p style=\"text-align: justify;\">F\u00fcr den erkrankten Journalisten und Kabarettisten Ludger Kazmierczak, der eigentlich den Abend bestreiten sollte, sind spontan\u00a0 S\u00f6ren Leyers &amp; WallStreetTheatre\u00a0 eingesprungen&#8220;.<\/p>\n<p style=\"text-align: justify;\">S\u00f6ren Leyers &#8211;\u00a0An der Musikhochschule K\u00f6ln studierte er Jazzvioline. Er spielt Geige, Bratsche, E- und Kontrabass, Klavier, Gitarre und die Hauptrolle. Spielte u.a. mit: Benny Golson, Kenny Burrell, Nina Hagen, Joscho Stephan,\u00a0Lulu Reinhardt, Rigo Winterstein, Danni Weiss und im Sandkasten.\u00a0In D\u00fcsseldorf hat er ein kleines Studio und ist auch noch Komiker.\u00a0Neben den Drei Flamingos kennt man ihn aus dem Duo \u201eHinz &amp; Kunz\u201c und dem mobilen Funk-Kommando \u201eThe Four Shops\u201c.<\/p>\n<p style=\"text-align: justify;\">Adrett gekleidet in Anzug und Krawatte, herausgeputzt mit Pomade, Hornbrille und Sockenhalter, betreten Herr Schultze und Herr Schr\u00f6der die B\u00fchne ganz im Stil zweier englischer Gentlemen.\u00a0So pr\u00e4sentiert das WallStreetTheatre in all seinen Programmen die beiden schr\u00e4gen aber immer liebenswerten Charaktere Herr Schultze und Herr Schr\u00f6der.\u00a0Christian Kl\u00f6mpken und Andreas Wiegels gr\u00fcndeten WallStreetTheatre 1993, nach Abschluss der gemeinsamen Ausbildung\u00a0an der Nationalen Britischen Circus- und Theaterschule Ciromedia in Bristol.\u00a0Seitdem sind die Beiden international erfolgreich unterwegs und haben zahlreiche Preise\u00a0 gewonnen.<\/p>\n","protected":false},"excerpt":{"rendered":"<p>\u00a0 &#8211; StandUp &#8211; und Comedy-Theater S\u00f6ren Leyers &amp; WallStreetTheatre Montag, 20.6.2022, 19.30 Uhr &nbsp; F\u00fcr den erkrankten Journalisten und Kabarettisten Ludger Kazmierczak, der eigentlich den Abend bestreiten sollte, sind spontan\u00a0 S\u00f6ren Leyers &amp; WallStreetTheatre\u00a0 eingesprungen&#8220;. S\u00f6ren Leyers &#8211;\u00a0An der Musikhochschule K\u00f6ln studierte er Jazzvioline. Er spielt Geige, Bratsche, E- und Kontrabass, Klavier, Gitarre und &#8230; <\/p>\n<p class=\"read-more-container\"><a title=\"&#8211; StandUp  und Comedy-Theater im Festzelt\" class=\"read-more button\" href=\"https:\/\/www.kulturkreis-wachtendonk.de\/cms\/kabarett-im-festzelt-2\/#more-9989\" aria-label=\"Mehr Informationen \u00fcber &#8211; StandUp  und Comedy-Theater im Festzelt\">Weiterlesen &#8230;<\/a><\/p>\n","protected":false},"author":4,"featured_media":0,"comment_status":"closed","ping_status":"closed","sticky":false,"template":"","format":"standard","meta":{"footnotes":""},"categories":[16],"tags":[],"class_list":["post-9989","post","type-post","status-publish","format-standard","hentry","category-veranstaltungsarchiv"],"_links":{"self":[{"href":"https:\/\/www.kulturkreis-wachtendonk.de\/cms\/wp-json\/wp\/v2\/posts\/9989","targetHints":{"allow":["GET"]}}],"collection":[{"href":"https:\/\/www.kulturkreis-wachtendonk.de\/cms\/wp-json\/wp\/v2\/posts"}],"about":[{"href":"https:\/\/www.kulturkreis-wachtendonk.de\/cms\/wp-json\/wp\/v2\/types\/post"}],"author":[{"embeddable":true,"href":"https:\/\/www.kulturkreis-wachtendonk.de\/cms\/wp-json\/wp\/v2\/users\/4"}],"replies":[{"embeddable":true,"href":"https:\/\/www.kulturkreis-wachtendonk.de\/cms\/wp-json\/wp\/v2\/comments?post=9989"}],"version-history":[{"count":17,"href":"https:\/\/www.kulturkreis-wachtendonk.de\/cms\/wp-json\/wp\/v2\/posts\/9989\/revisions"}],"predecessor-version":[{"id":11219,"href":"https:\/\/www.kulturkreis-wachtendonk.de\/cms\/wp-json\/wp\/v2\/posts\/9989\/revisions\/11219"}],"wp:attachment":[{"href":"https:\/\/www.kulturkreis-wachtendonk.de\/cms\/wp-json\/wp\/v2\/media?parent=9989"}],"wp:term":[{"taxonomy":"category","embeddable":true,"href":"https:\/\/www.kulturkreis-wachtendonk.de\/cms\/wp-json\/wp\/v2\/categories?post=9989"},{"taxonomy":"post_tag","embeddable":true,"href":"https:\/\/www.kulturkreis-wachtendonk.de\/cms\/wp-json\/wp\/v2\/tags?post=9989"}],"curies":[{"name":"wp","href":"https:\/\/api.w.org\/{rel}","templated":true}]}}