{"id":9745,"date":"2021-09-10T14:11:38","date_gmt":"2021-09-10T12:11:38","guid":{"rendered":"https:\/\/www.kulturkreis-wachtendonk.de\/cms\/?p=9745"},"modified":"2021-09-27T11:33:56","modified_gmt":"2021-09-27T09:33:56","slug":"ausstellung-4","status":"publish","type":"post","link":"https:\/\/www.kulturkreis-wachtendonk.de\/cms\/ausstellung-4\/","title":{"rendered":"Ausstellung"},"content":{"rendered":"<p>&nbsp;<\/p>\n<figure id=\"attachment_9746\" aria-describedby=\"caption-attachment-9746\" style=\"width: 290px\" class=\"wp-caption alignleft\"><img fetchpriority=\"high\" decoding=\"async\" class=\"wp-image-9746 size-medium\" src=\"https:\/\/www.kulturkreis-wachtendonk.de\/cms\/wp-content\/uploads\/2021\/07\/Bild-1-300x241.jpg\" alt=\"\" width=\"300\" height=\"241\" srcset=\"https:\/\/www.kulturkreis-wachtendonk.de\/cms\/wp-content\/uploads\/2021\/07\/Bild-1-300x241.jpg 300w, https:\/\/www.kulturkreis-wachtendonk.de\/cms\/wp-content\/uploads\/2021\/07\/Bild-1-768x617.jpg 768w, https:\/\/www.kulturkreis-wachtendonk.de\/cms\/wp-content\/uploads\/2021\/07\/Bild-1-1024x822.jpg 1024w, https:\/\/www.kulturkreis-wachtendonk.de\/cms\/wp-content\/uploads\/2021\/07\/Bild-1.jpg 1522w\" sizes=\"(max-width: 300px) 100vw, 300px\" \/><figcaption id=\"caption-attachment-9746\" class=\"wp-caption-text\">Dagmar D\u00e4hnert<\/figcaption><\/figure>\n<p><strong>Ausstellung &#8222;WASSERWERKe&#8220;-<\/p>\n<p><\/strong><strong>&#8222;work in progress&#8220;<br \/>\nMontag, 2.8.2021 bis Freitag\u00a0 6.8.2021, 10-18 Uhr<\/strong><\/p>\n<p><strong>Ausstellung: <br \/>\nSamstag, 7.8. 2021, von 14 Uhr bis 20 Uhr<br \/>\nSonntag. 8.8.2021 von 11 bis 18 Uhr<\/strong><\/p>\n<p>&nbsp;<\/p>\n<p><strong>Dagnar Irna D\u00e4hnert &#8211;\u00a0<\/strong><strong>Malerei, Druck und Collagen<\/strong><br \/>\n<strong>Britta Makinose &#8211;\u00a0<\/strong><strong>Malerei, Papier, Fotografie<br \/>\n<\/strong><strong>Kirsten Schulenkorf &#8211;\u00a0<\/strong><strong>Malerei, Druckgrafik<\/strong><\/p>\n<p>&nbsp;<\/p>\n<p style=\"text-align: justify;\">\u201eWasserwerke\u201c\u00a0ist das Thema dreier K\u00fcnstlerinnen aus NRW (Bad Honnef, Bonn, Wuppertal), die vom 02.08. \u2013 08.08.2021 zu Gast\u00a0 im Alten Wasserwerk Wachtendonk sind. \u201eWasserwerke\u201c deshalb, da sie das Wasserwerk an sich zum Thema ihrer kreativen Arbeit gemacht haben. Angeregt durch den morbiden Charme des alten Geb\u00e4udes und seine Einbettung in die vielseitige Natur der Lage, arbeiten die K\u00fcnstlerinnen mit unterschiedlichen Techniken wie beispielsweise Malerei, Druck, Collage, Bildtransfer. Thematisch dreht sich ihre Arbeit dabei um das \u201eInnere\u201c und \u201e\u00c4u\u00dfere\u201c, das \u201eDrumherum\u201c das \u201eDetail\u201c, das \u201eVergangene\u201c und das \u201eVerborgene\u201c des Wasserwerkes. Vor Ort wollen sie begonnene Arbeiten zu dem Thema vollenden, neue Anregungen aufgreifen, sich inspirieren lassen und gemeinsam eintauchen in diesen Ort, um beim gemeinsamen \u201eIn den Blick nehmen\u201c Kreatives entstehen zu lassen.<\/p>\n<p style=\"text-align: justify;\">Besucher sind in dieser Woche jederzeit\u00a0 von 10 bis 18 Uhr willkommen, Ausstellungsbesucher durchaus erw\u00fcnscht!\u00a0<\/p>\n<p><strong>Dagmar D\u00e4hnert\u00a0<\/strong><br \/>\nDer Schwerpunkt ihrer Arbeiten liegt in der Komposition von Farben und Formen. Durch verschiedene experimentelle Druckverfahren werden Linien, Formen und Farben mit Acryl-\/\u00d6lfarben \u00fcbereinander gedruckt . Sp\u00e4ter werden Formen durch zerrei\u00dfen und zerschneiden wieder aufgel\u00f6st und\u00a0 in Collagen zu neuen Kompositionen zusammengef\u00fcgt. Die K\u00fcnstlerin interessiert die Korrespondenz zwischen Farben, Formen und Raum. Durch das Zusammenspiel von F\u00fclle und Dichte \u00a0gewinnen die Collagen in verschiedenen \u00fcbereinanderliegenden Schichten an r\u00e4umlicher Tiefe. Farben und Formen t\u00fcrmen sich, treten zur\u00fcck oder springen hervor. Der Betrachter wird eingeladen, immer neue Korrespondenzen zu entdecken.<\/p>\n<figure id=\"attachment_9747\" aria-describedby=\"caption-attachment-9747\" style=\"width: 290px\" class=\"wp-caption alignleft\"><img decoding=\"async\" class=\"size-medium wp-image-9747\" src=\"https:\/\/www.kulturkreis-wachtendonk.de\/cms\/wp-content\/uploads\/2021\/07\/Bild-2.jpg-300x296.png\" alt=\"\" width=\"300\" height=\"296\" srcset=\"https:\/\/www.kulturkreis-wachtendonk.de\/cms\/wp-content\/uploads\/2021\/07\/Bild-2.jpg-300x296.png 300w, https:\/\/www.kulturkreis-wachtendonk.de\/cms\/wp-content\/uploads\/2021\/07\/Bild-2.jpg.png 412w\" sizes=\"(max-width: 300px) 100vw, 300px\" \/><figcaption id=\"caption-attachment-9747\" class=\"wp-caption-text\">Britta Makinose<\/figcaption><\/figure>\n<p style=\"text-align: justify;\">Geboren 1958 in Goch am Niederrhein, Handwerkliche Lehre zur Sortimentsbuchbinderin, Studium der Kunstp\u00e4dagogik, K\u00fcnstlerische Aus- und Weiterbildungen bei Rolf Steffens, Martin Otto, Emilio Sdun, Bernhard Siller, Ulle Hees, Gerda Lipski, Franka Peikert. Ausstellungen: Rhein-Sieg-Kreis, Bonn, Darmstadt, Bad Kreuznach, Rees, Greetsiel, Dangast, Jena, Al\u00e9s (S\u00fcd Frankreich), Windeck, Wachtendonk\u00a0\u00a0\u00a0 <a href=\"http:\/\/www.ddaehnert-malerei.de\/\">www.ddaehnert-malerei.de<\/a><\/p>\n<p style=\"text-align: justify;\"><strong>Britta Makinose\u00a0<br \/>\n<\/strong>Kunst ist f\u00fcr sie eine grundlegende Erfahrung, sowohl als Betrachterin als auch als Schaffende.\u00a0Sie ist so elementar wie der Ein und der Ausatmem, die Inspiration und die Expression.\u00a0In den Arbeiten der K\u00fcnstlerin hat das Material selbst hat seine ganz eigene Sprache und bekommt seinen Ausdruck durch die Art und Weise der Verarbeitung und Darstellung.\u00a0Dabei ist das organische Wirken in den Spannungsfeldern von dicht und durchl\u00e4ssig, por\u00f6s und fluid, fl\u00fcchtig und fest, zart und grob immer wieder Ausgangspunkt. Schichten bauen sich auf, bl\u00e4ttern und durchdringen, Farbfelder und Linien verweben sich in Bewegung und Rhythmus.\u00a0Der Antrieb ist immer wieder das Wesenhafte zu erkunden, zu\u00a0 tasten und zu erf\u00fchlen. Die Arbeiten sind Ausdruck der menschlichen Empfindsamkeit und der F\u00e4higkeit des Mitschwingen und Wandlungen als nat\u00fcrliche Begebenheiten anzuerkennen.\u00a0Sich hier aufzuhalten, zu verweilen ist eine Einladung zu einer unvoreingenommenen Wahrnehmung und der eigenen Imagination Raum zu geben.\u00a0Den Moment zu kosten bedeutet Einklang.<\/p>\n<p style=\"text-align: justify;\">Britta Makinose, geboren im Januar 1964 in Ratingen. Freischaffende K\u00fcnstlerin in Malerei, Fotografie und Skulptur.\u00a0Lehrerin f\u00fcr Yoga, Atem und Achtsamkeit.<\/p>\n<figure id=\"attachment_9765\" aria-describedby=\"caption-attachment-9765\" style=\"width: 290px\" class=\"wp-caption alignright\"><img decoding=\"async\" class=\"size-medium wp-image-9765\" src=\"https:\/\/www.kulturkreis-wachtendonk.de\/cms\/wp-content\/uploads\/2021\/07\/Bild-7-300x244.jpg\" alt=\"\" width=\"300\" height=\"244\" srcset=\"https:\/\/www.kulturkreis-wachtendonk.de\/cms\/wp-content\/uploads\/2021\/07\/Bild-7-300x244.jpg 300w, https:\/\/www.kulturkreis-wachtendonk.de\/cms\/wp-content\/uploads\/2021\/07\/Bild-7.jpg 619w\" sizes=\"(max-width: 300px) 100vw, 300px\" \/><figcaption id=\"caption-attachment-9765\" class=\"wp-caption-text\">Kirsten Schulenkorf<\/figcaption><\/figure>\n<p style=\"text-align: justify;\"><strong>Kirsten Schulenkorf<\/strong><br \/>\nDie Natur im Allgemeinen und der Mensch im Besonderen stehen im Mittelpunkt ihrer Arbeiten. Ob es Eindr\u00fccke, Erfahrungen und Erlebnisse sind, die\u00a0 die K\u00fcnstlerin w\u00e4hrend einer mehrj\u00e4hrigen Aufenthalte in Russland, Usbekistan und Laos sammeln konnte, oder menschliche Beziehungen, Gef\u00fchle und Empfindungen \u2013 in Momentaufnahmen versuche sie, die Atmosph\u00e4re, die Nuancen und das \u201eUnausgesprochene\u201c einzufangen. Ihr bevorzugtes Kunstmedium ist Acrylmalerei und Druckgrafik. Ihr\u00a0Lieblingsgenre ist das Portr\u00e4t.<\/p>\n<p style=\"text-align: justify;\">Geboren 1964 in L\u00fcnen, Studium der \u201eSlawistik\u201c und des \u201eFremdsprachlichen Deutschunterrichts in Theorie und Praxis\u201c, viele Jahre t\u00e4tig als Dozentin f\u00fcr Deutsch als Fremdsprache im In- und Ausland, k\u00fcnstlerische Ausbildung an der Freien Kunstakademie arte fact, Ausstellungen in Bonn, Vientiane (Laos), Mettmann, verheiratet, 2 Kinder (geb. 2001 und 2004) <a href=\"http:\/\/www.kirstenschulenkorf.de\">www.kirstenschulenkorf.de<\/a><\/p>\n<p style=\"text-align: justify;\"><strong>Eintritt frei<\/strong><\/p>\n<p><strong>Altes Wasserwerk<\/strong><\/p>\n","protected":false},"excerpt":{"rendered":"<p>&nbsp; Ausstellung &#8222;WASSERWERKe&#8220;- &#8222;work in progress&#8220; Montag, 2.8.2021 bis Freitag\u00a0 6.8.2021, 10-18 Uhr Ausstellung: Samstag, 7.8. 2021, von 14 Uhr bis 20 Uhr Sonntag. 8.8.2021 von 11 bis 18 Uhr &nbsp; Dagnar Irna D\u00e4hnert &#8211;\u00a0Malerei, Druck und Collagen Britta Makinose &#8211;\u00a0Malerei, Papier, Fotografie Kirsten Schulenkorf &#8211;\u00a0Malerei, Druckgrafik &nbsp; \u201eWasserwerke\u201c\u00a0ist das Thema dreier K\u00fcnstlerinnen aus NRW &#8230; <\/p>\n<p class=\"read-more-container\"><a title=\"Ausstellung\" class=\"read-more button\" href=\"https:\/\/www.kulturkreis-wachtendonk.de\/cms\/ausstellung-4\/#more-9745\" aria-label=\"Mehr Informationen \u00fcber Ausstellung\">Weiterlesen &#8230;<\/a><\/p>\n","protected":false},"author":4,"featured_media":0,"comment_status":"closed","ping_status":"closed","sticky":false,"template":"","format":"standard","meta":{"footnotes":""},"categories":[16],"tags":[],"class_list":["post-9745","post","type-post","status-publish","format-standard","hentry","category-veranstaltungsarchiv"],"_links":{"self":[{"href":"https:\/\/www.kulturkreis-wachtendonk.de\/cms\/wp-json\/wp\/v2\/posts\/9745","targetHints":{"allow":["GET"]}}],"collection":[{"href":"https:\/\/www.kulturkreis-wachtendonk.de\/cms\/wp-json\/wp\/v2\/posts"}],"about":[{"href":"https:\/\/www.kulturkreis-wachtendonk.de\/cms\/wp-json\/wp\/v2\/types\/post"}],"author":[{"embeddable":true,"href":"https:\/\/www.kulturkreis-wachtendonk.de\/cms\/wp-json\/wp\/v2\/users\/4"}],"replies":[{"embeddable":true,"href":"https:\/\/www.kulturkreis-wachtendonk.de\/cms\/wp-json\/wp\/v2\/comments?post=9745"}],"version-history":[{"count":22,"href":"https:\/\/www.kulturkreis-wachtendonk.de\/cms\/wp-json\/wp\/v2\/posts\/9745\/revisions"}],"predecessor-version":[{"id":10337,"href":"https:\/\/www.kulturkreis-wachtendonk.de\/cms\/wp-json\/wp\/v2\/posts\/9745\/revisions\/10337"}],"wp:attachment":[{"href":"https:\/\/www.kulturkreis-wachtendonk.de\/cms\/wp-json\/wp\/v2\/media?parent=9745"}],"wp:term":[{"taxonomy":"category","embeddable":true,"href":"https:\/\/www.kulturkreis-wachtendonk.de\/cms\/wp-json\/wp\/v2\/categories?post=9745"},{"taxonomy":"post_tag","embeddable":true,"href":"https:\/\/www.kulturkreis-wachtendonk.de\/cms\/wp-json\/wp\/v2\/tags?post=9745"}],"curies":[{"name":"wp","href":"https:\/\/api.w.org\/{rel}","templated":true}]}}