{"id":9611,"date":"2021-06-30T13:59:54","date_gmt":"2021-06-30T11:59:54","guid":{"rendered":"https:\/\/www.kulturkreis-wachtendonk.de\/cms\/?p=9611"},"modified":"2021-10-11T15:19:15","modified_gmt":"2021-10-11T13:19:15","slug":"summer-mix-21-lea-brueckner-ensemble-2","status":"publish","type":"post","link":"https:\/\/www.kulturkreis-wachtendonk.de\/cms\/summer-mix-21-lea-brueckner-ensemble-2\/","title":{"rendered":"Summer Mix `21 Lea Br\u00fcckner &#038; Ensemble"},"content":{"rendered":"<p><a href=\"http:\/\/www.summermix.nrw\"><img fetchpriority=\"high\" decoding=\"async\" class=\"alignleft size-medium wp-image-5582\" src=\"https:\/\/www.kulturkreis-wachtendonk.de\/cms\/wp-content\/uploads\/2016\/03\/Brueckner-Lea2-300x200.jpeg\" alt=\"\" width=\"300\" height=\"200\" srcset=\"https:\/\/www.kulturkreis-wachtendonk.de\/cms\/wp-content\/uploads\/2016\/03\/Brueckner-Lea2-300x200.jpeg 300w, https:\/\/www.kulturkreis-wachtendonk.de\/cms\/wp-content\/uploads\/2016\/03\/Brueckner-Lea2-1024x683.jpeg 1024w, https:\/\/www.kulturkreis-wachtendonk.de\/cms\/wp-content\/uploads\/2016\/03\/Brueckner-Lea2.jpeg 1080w\" sizes=\"(max-width: 300px) 100vw, 300px\" \/><\/a><\/p>\n<p><strong>Konzert\u00a0<\/strong><\/p>\n<p><strong>Lea Br\u00fcckner &amp; Ensemble<\/strong><\/p>\n<p><strong>Sonntag, 1.8.2021, 17 Uhr<\/strong><\/p>\n<p style=\"text-align: justify;\">Beim Open-Air an der Burgruine wird Lea Br\u00fcckner aus Straelen in einem Esemble diverse St\u00fccke von Vivaldi, Tschaikowsky, Bach und weiteren bekannten Komponisten zum Besten geben. Sie bringt 4 professionelle Musiker\/innen aus der Klassischen Musik mit. Unter anderem wird der ungarische Geigenvirtuose J\u00f3zsef Lendvay mit dabei sein. Im Schatten der Altert\u00fcmlichen Burgruine werden die G\u00e4ste hier in eine Reise durch die Klassische Musik eingeladen.\u00a0<\/p>\n<p style=\"text-align: justify;\"><span style=\"color: #ff0000;\">Nach dem Unwetter und Hochwasser in NRW unterst\u00fctzt das Team vom \u201eSummermix\u201c den Aufruf des WDR \u201eDer Westen h\u00e4lt zusammen\u201c. Bei allen Veranstaltungen werden wir Spenden sammeln, die an die Initiative \u201eAktion Deutschland hilft\u201c weitergeleitet werden. &#8222;Aktion Deutschland Hilft&#8220; ist ein Zusammenschluss von 23 namhaften deutschen Hilfsorganisationen. Nach der gro\u00dfen ersten Hilfsbereitschaft brauchen die Betroffenen in den Krisengebieten nun unsere finanzielle Unterst\u00fctzung (www.aktion-deutschland-hilft.de)<\/span><\/p>\n<p style=\"text-align: justify;\"><strong>Burgruine Wachtendonk<\/strong><\/p>\n<p><img decoding=\"async\" class=\"alignleft  wp-image-9676\" src=\"https:\/\/www.kulturkreis-wachtendonk.de\/cms\/wp-content\/uploads\/2019\/07\/Logo-Gemeindewerke-300x184.jpg\" alt=\"\" width=\"239\" height=\"147\" srcset=\"https:\/\/www.kulturkreis-wachtendonk.de\/cms\/wp-content\/uploads\/2019\/07\/Logo-Gemeindewerke-300x184.jpg 300w, https:\/\/www.kulturkreis-wachtendonk.de\/cms\/wp-content\/uploads\/2019\/07\/Logo-Gemeindewerke-768x470.jpg 768w, https:\/\/www.kulturkreis-wachtendonk.de\/cms\/wp-content\/uploads\/2019\/07\/Logo-Gemeindewerke-1024x626.jpg 1024w, https:\/\/www.kulturkreis-wachtendonk.de\/cms\/wp-content\/uploads\/2019\/07\/Logo-Gemeindewerke.jpg 1288w\" sizes=\"(max-width: 239px) 100vw, 239px\" \/><\/p>\n<p>&nbsp;<\/p>\n<p>&nbsp;<\/p>\n<p>Die Gemeindewerke Wachtendonk GmbH f\u00f6rdern diese Veranstaltung, ganz herzlichen Dank!<\/p>\n<p>&nbsp;<\/p>\n<p>&nbsp;<\/p>\n<p><img decoding=\"async\" class=\"alignleft size-medium wp-image-9811\" src=\"https:\/\/www.kulturkreis-wachtendonk.de\/cms\/wp-content\/uploads\/2019\/07\/b_neustart_miteinander-300x169.jpg\" alt=\"\" width=\"300\" height=\"169\" srcset=\"https:\/\/www.kulturkreis-wachtendonk.de\/cms\/wp-content\/uploads\/2019\/07\/b_neustart_miteinander-300x169.jpg 300w, https:\/\/www.kulturkreis-wachtendonk.de\/cms\/wp-content\/uploads\/2019\/07\/b_neustart_miteinander.jpg 640w\" sizes=\"(max-width: 300px) 100vw, 300px\" \/><\/p>\n<p>&nbsp;<\/p>\n<p>Die Veranstaltung erfolgt mit Unterst\u00fctzung aus dem\u00a0 F\u00f6rderprogramm \u201eNeustart miteinander\u201c des Landes Nordrhein-Westfalen und wird gef\u00f6rdert durch das\u00a0 Ministerium f\u00fcr Heimat, Kommunales, Bau und Gleichstellung des Landes Nordrhein-Westfalen.<\/p>\n","protected":false},"excerpt":{"rendered":"<p>Konzert\u00a0 Lea Br\u00fcckner &amp; Ensemble Sonntag, 1.8.2021, 17 Uhr Beim Open-Air an der Burgruine wird Lea Br\u00fcckner aus Straelen in einem Esemble diverse St\u00fccke von Vivaldi, Tschaikowsky, Bach und weiteren bekannten Komponisten zum Besten geben. Sie bringt 4 professionelle Musiker\/innen aus der Klassischen Musik mit. Unter anderem wird der ungarische Geigenvirtuose J\u00f3zsef Lendvay mit dabei &#8230; <\/p>\n<p class=\"read-more-container\"><a title=\"Summer Mix `21 Lea Br\u00fcckner &#038; Ensemble\" class=\"read-more button\" href=\"https:\/\/www.kulturkreis-wachtendonk.de\/cms\/summer-mix-21-lea-brueckner-ensemble-2\/#more-9611\" aria-label=\"Mehr Informationen \u00fcber Summer Mix `21 Lea Br\u00fcckner &#038; Ensemble\">Weiterlesen &#8230;<\/a><\/p>\n","protected":false},"author":4,"featured_media":0,"comment_status":"closed","ping_status":"closed","sticky":false,"template":"","format":"standard","meta":{"footnotes":""},"categories":[16],"tags":[],"class_list":["post-9611","post","type-post","status-publish","format-standard","hentry","category-veranstaltungsarchiv"],"_links":{"self":[{"href":"https:\/\/www.kulturkreis-wachtendonk.de\/cms\/wp-json\/wp\/v2\/posts\/9611","targetHints":{"allow":["GET"]}}],"collection":[{"href":"https:\/\/www.kulturkreis-wachtendonk.de\/cms\/wp-json\/wp\/v2\/posts"}],"about":[{"href":"https:\/\/www.kulturkreis-wachtendonk.de\/cms\/wp-json\/wp\/v2\/types\/post"}],"author":[{"embeddable":true,"href":"https:\/\/www.kulturkreis-wachtendonk.de\/cms\/wp-json\/wp\/v2\/users\/4"}],"replies":[{"embeddable":true,"href":"https:\/\/www.kulturkreis-wachtendonk.de\/cms\/wp-json\/wp\/v2\/comments?post=9611"}],"version-history":[{"count":8,"href":"https:\/\/www.kulturkreis-wachtendonk.de\/cms\/wp-json\/wp\/v2\/posts\/9611\/revisions"}],"predecessor-version":[{"id":9894,"href":"https:\/\/www.kulturkreis-wachtendonk.de\/cms\/wp-json\/wp\/v2\/posts\/9611\/revisions\/9894"}],"wp:attachment":[{"href":"https:\/\/www.kulturkreis-wachtendonk.de\/cms\/wp-json\/wp\/v2\/media?parent=9611"}],"wp:term":[{"taxonomy":"category","embeddable":true,"href":"https:\/\/www.kulturkreis-wachtendonk.de\/cms\/wp-json\/wp\/v2\/categories?post=9611"},{"taxonomy":"post_tag","embeddable":true,"href":"https:\/\/www.kulturkreis-wachtendonk.de\/cms\/wp-json\/wp\/v2\/tags?post=9611"}],"curies":[{"name":"wp","href":"https:\/\/api.w.org\/{rel}","templated":true}]}}