{"id":9595,"date":"2021-07-04T11:31:19","date_gmt":"2021-07-04T09:31:19","guid":{"rendered":"https:\/\/www.kulturkreis-wachtendonk.de\/cms\/?p=9595"},"modified":"2021-09-27T12:00:06","modified_gmt":"2021-09-27T10:00:06","slug":"summer-mix-21-doris-d","status":"publish","type":"post","link":"https:\/\/www.kulturkreis-wachtendonk.de\/cms\/summer-mix-21-doris-d\/","title":{"rendered":"Summer Mix `21 Doris D"},"content":{"rendered":"<p><a href=\"http:\/\/www.summermix.nrw\"><img fetchpriority=\"high\" decoding=\"async\" class=\"alignleft size-medium wp-image-9490\" src=\"https:\/\/www.kulturkreis-wachtendonk.de\/cms\/wp-content\/uploads\/2021\/07\/2021-07-14-Doris-D-300x200.jpg\" alt=\"\" width=\"300\" height=\"200\" srcset=\"https:\/\/www.kulturkreis-wachtendonk.de\/cms\/wp-content\/uploads\/2021\/07\/2021-07-14-Doris-D-300x200.jpg 300w, https:\/\/www.kulturkreis-wachtendonk.de\/cms\/wp-content\/uploads\/2021\/07\/2021-07-14-Doris-D-768x513.jpg 768w, https:\/\/www.kulturkreis-wachtendonk.de\/cms\/wp-content\/uploads\/2021\/07\/2021-07-14-Doris-D-1024x684.jpg 1024w\" sizes=\"(max-width: 300px) 100vw, 300px\" \/><\/a><\/p>\n<p><strong>Konzert\u00a0<\/strong><\/p>\n<p><strong>Doris D<\/strong><\/p>\n<p><strong>Mittwoch, 14.7.2021, 19 Uhr<\/strong><\/p>\n<p><strong>ENGLISCH KANN JA JEDER!<\/strong><\/p>\n<section class=\"av_textblock_section\">\n<div class=\"avia_textblock \">\n<div class=\"container\">\n<article class=\"post-entry post-entry-type-page post-entry-2\">\n<div class=\"entry-content-wrapper clearfix\">\n<div class=\"entry-content\">\n<p style=\"text-align: justify;\">Ja! Die Doris spielt ausschlie\u00dflich deutsche Hits von heute, zur\u00fcck bis in die 70er \u2013 und das ist genau richtig so! Die Doris mixt das Haus am See von Peter Fox mit etwas Sommer von Peter Maffay, n\u00f6hlt wie Jan Delay und spielen mit Major Tom. Die \u00c4rzte treffen auf Andreas Bourani, Silbermond und Ich+Ich, auf die Spider Murphy Gang auf Kraftwerk und die Sportfreunde Stiller. Es gibt also Punk &amp; Schlager, Rock &amp; Pop, und das Ganze mit zwei Gitarren, einer Ukulele, einer Cajon, unvergleichlich viel Esprit und drei magischen Stimmen\u2026<\/p>\n<p style=\"text-align: justify;\">Tats\u00e4chlich passt die Doris mit ihrem Programm in jede Ecke und auf jede B\u00fchne: Mal laut, mal leise, mal klein und mal ganz gro\u00df! Optisch und musikalisch.<\/p>\n<\/div>\n<\/div>\n<\/article>\n<\/div>\n<\/div>\n<\/section>\n<p><strong><br \/>\nSchulhof Wankum<\/strong><\/p>\n<p>Ein herzliches Dankesch\u00f6n geht an die Sparkasse Krefeld, die alle Veranstaltungen in Wankum sponsert<\/p>\n<p><img decoding=\"async\" class=\"alignleft  wp-image-4582\" src=\"https:\/\/www.kulturkreis-wachtendonk.de\/cms\/wp-content\/uploads\/2014\/09\/unterstuetzer_sparkasse-300x212.jpg\" alt=\"\" width=\"269\" height=\"190\" srcset=\"https:\/\/www.kulturkreis-wachtendonk.de\/cms\/wp-content\/uploads\/2014\/09\/unterstuetzer_sparkasse-300x212.jpg 300w, https:\/\/www.kulturkreis-wachtendonk.de\/cms\/wp-content\/uploads\/2014\/09\/unterstuetzer_sparkasse-1024x723.jpg 1024w, https:\/\/www.kulturkreis-wachtendonk.de\/cms\/wp-content\/uploads\/2014\/09\/unterstuetzer_sparkasse.jpg 1654w\" sizes=\"(max-width: 269px) 100vw, 269px\" \/><\/p>\n","protected":false},"excerpt":{"rendered":"<p>Konzert\u00a0 Doris D Mittwoch, 14.7.2021, 19 Uhr ENGLISCH KANN JA JEDER! Ja! Die Doris spielt ausschlie\u00dflich deutsche Hits von heute, zur\u00fcck bis in die 70er \u2013 und das ist genau richtig so! Die Doris mixt das Haus am See von Peter Fox mit etwas Sommer von Peter Maffay, n\u00f6hlt wie Jan Delay und spielen mit &#8230; <\/p>\n<p class=\"read-more-container\"><a title=\"Summer Mix `21 Doris D\" class=\"read-more button\" href=\"https:\/\/www.kulturkreis-wachtendonk.de\/cms\/summer-mix-21-doris-d\/#more-9595\" aria-label=\"Mehr Informationen \u00fcber Summer Mix `21 Doris D\">Weiterlesen &#8230;<\/a><\/p>\n","protected":false},"author":4,"featured_media":0,"comment_status":"closed","ping_status":"closed","sticky":false,"template":"","format":"standard","meta":{"footnotes":""},"categories":[16],"tags":[],"class_list":["post-9595","post","type-post","status-publish","format-standard","hentry","category-veranstaltungsarchiv"],"_links":{"self":[{"href":"https:\/\/www.kulturkreis-wachtendonk.de\/cms\/wp-json\/wp\/v2\/posts\/9595","targetHints":{"allow":["GET"]}}],"collection":[{"href":"https:\/\/www.kulturkreis-wachtendonk.de\/cms\/wp-json\/wp\/v2\/posts"}],"about":[{"href":"https:\/\/www.kulturkreis-wachtendonk.de\/cms\/wp-json\/wp\/v2\/types\/post"}],"author":[{"embeddable":true,"href":"https:\/\/www.kulturkreis-wachtendonk.de\/cms\/wp-json\/wp\/v2\/users\/4"}],"replies":[{"embeddable":true,"href":"https:\/\/www.kulturkreis-wachtendonk.de\/cms\/wp-json\/wp\/v2\/comments?post=9595"}],"version-history":[{"count":9,"href":"https:\/\/www.kulturkreis-wachtendonk.de\/cms\/wp-json\/wp\/v2\/posts\/9595\/revisions"}],"predecessor-version":[{"id":9916,"href":"https:\/\/www.kulturkreis-wachtendonk.de\/cms\/wp-json\/wp\/v2\/posts\/9595\/revisions\/9916"}],"wp:attachment":[{"href":"https:\/\/www.kulturkreis-wachtendonk.de\/cms\/wp-json\/wp\/v2\/media?parent=9595"}],"wp:term":[{"taxonomy":"category","embeddable":true,"href":"https:\/\/www.kulturkreis-wachtendonk.de\/cms\/wp-json\/wp\/v2\/categories?post=9595"},{"taxonomy":"post_tag","embeddable":true,"href":"https:\/\/www.kulturkreis-wachtendonk.de\/cms\/wp-json\/wp\/v2\/tags?post=9595"}],"curies":[{"name":"wp","href":"https:\/\/api.w.org\/{rel}","templated":true}]}}