{"id":9479,"date":"2021-07-05T19:38:22","date_gmt":"2021-07-05T17:38:22","guid":{"rendered":"https:\/\/www.kulturkreis-wachtendonk.de\/cms\/?p=9479"},"modified":"2021-10-11T15:05:23","modified_gmt":"2021-10-11T13:05:23","slug":"summer-mix-21-talking-horns","status":"publish","type":"post","link":"https:\/\/www.kulturkreis-wachtendonk.de\/cms\/summer-mix-21-talking-horns\/","title":{"rendered":"Summer Mix `21  Talking Horns"},"content":{"rendered":"<p><img fetchpriority=\"high\" decoding=\"async\" class=\"alignleft size-medium wp-image-9480\" src=\"https:\/\/www.kulturkreis-wachtendonk.de\/cms\/wp-content\/uploads\/2021\/07\/2021-07-10-Talking-Horns-300x199.jpg\" alt=\"\" width=\"300\" height=\"199\" srcset=\"https:\/\/www.kulturkreis-wachtendonk.de\/cms\/wp-content\/uploads\/2021\/07\/2021-07-10-Talking-Horns-300x199.jpg 300w, https:\/\/www.kulturkreis-wachtendonk.de\/cms\/wp-content\/uploads\/2021\/07\/2021-07-10-Talking-Horns-768x510.jpg 768w, https:\/\/www.kulturkreis-wachtendonk.de\/cms\/wp-content\/uploads\/2021\/07\/2021-07-10-Talking-Horns.jpg 800w\" sizes=\"(max-width: 300px) 100vw, 300px\" \/><\/p>\n<p>&nbsp;<\/p>\n<p style=\"text-align: justify;\"><strong>Konzert\u00a0<\/strong><\/p>\n<p style=\"text-align: justify;\"><strong>Talking Horns<\/strong><\/p>\n<p style=\"text-align: justify;\"><strong>talking about Talking Horns \u2026\u2026..the show must blow on\u00a0<br \/>\n<\/strong><\/p>\n<p style=\"text-align: justify;\"><strong>Samstag, 10.7.2021, 20 Uhr<\/strong><\/p>\n<p style=\"text-align: justify;\">Mit Humor, H\u00f6rnern, Saxofonen, Klarinetten, Posaunen Tubas, Fl\u00f6ten und Trompeten sowie ein paar unterschiedlichen Instrumenten erz\u00e4hlen Talking Horns Geschichten aus unterschiedlichen Klangwelten. Hier ist f\u00fcr jeden etwas dabei. Bei dem K\u00f6lner Quartett kommt der Jazzfan ebenso auf seine Kosten wie der Kammermusikfreund oder der Posaunenchoranh\u00e4nger.<\/p>\n<p><strong>Burgruine Wachtendonk<\/strong><\/p>\n<p>Die Veranstaltung wird unterst\u00fctzt von der Theunesen-Group. Wir danken ganz herzlich:<\/p>\n<p><img decoding=\"async\" class=\"alignleft size-medium wp-image-9651\" src=\"https:\/\/www.kulturkreis-wachtendonk.de\/cms\/wp-content\/uploads\/2021\/07\/Advertentie_teunesen_91x49mm-3-300x162.jpg\" alt=\"\" width=\"300\" height=\"162\" srcset=\"https:\/\/www.kulturkreis-wachtendonk.de\/cms\/wp-content\/uploads\/2021\/07\/Advertentie_teunesen_91x49mm-3-300x162.jpg 300w, https:\/\/www.kulturkreis-wachtendonk.de\/cms\/wp-content\/uploads\/2021\/07\/Advertentie_teunesen_91x49mm-3-768x414.jpg 768w, https:\/\/www.kulturkreis-wachtendonk.de\/cms\/wp-content\/uploads\/2021\/07\/Advertentie_teunesen_91x49mm-3-1024x552.jpg 1024w, https:\/\/www.kulturkreis-wachtendonk.de\/cms\/wp-content\/uploads\/2021\/07\/Advertentie_teunesen_91x49mm-3.jpg 1075w\" sizes=\"(max-width: 300px) 100vw, 300px\" \/><\/p>\n","protected":false},"excerpt":{"rendered":"<p>&nbsp; Konzert\u00a0 Talking Horns talking about Talking Horns \u2026\u2026..the show must blow on\u00a0 Samstag, 10.7.2021, 20 Uhr Mit Humor, H\u00f6rnern, Saxofonen, Klarinetten, Posaunen Tubas, Fl\u00f6ten und Trompeten sowie ein paar unterschiedlichen Instrumenten erz\u00e4hlen Talking Horns Geschichten aus unterschiedlichen Klangwelten. Hier ist f\u00fcr jeden etwas dabei. Bei dem K\u00f6lner Quartett kommt der Jazzfan ebenso auf seine &#8230; <\/p>\n<p class=\"read-more-container\"><a title=\"Summer Mix `21  Talking Horns\" class=\"read-more button\" href=\"https:\/\/www.kulturkreis-wachtendonk.de\/cms\/summer-mix-21-talking-horns\/#more-9479\" aria-label=\"Mehr Informationen \u00fcber Summer Mix `21  Talking Horns\">Weiterlesen &#8230;<\/a><\/p>\n","protected":false},"author":4,"featured_media":0,"comment_status":"closed","ping_status":"closed","sticky":false,"template":"","format":"standard","meta":{"footnotes":""},"categories":[16],"tags":[],"class_list":["post-9479","post","type-post","status-publish","format-standard","hentry","category-veranstaltungsarchiv"],"_links":{"self":[{"href":"https:\/\/www.kulturkreis-wachtendonk.de\/cms\/wp-json\/wp\/v2\/posts\/9479","targetHints":{"allow":["GET"]}}],"collection":[{"href":"https:\/\/www.kulturkreis-wachtendonk.de\/cms\/wp-json\/wp\/v2\/posts"}],"about":[{"href":"https:\/\/www.kulturkreis-wachtendonk.de\/cms\/wp-json\/wp\/v2\/types\/post"}],"author":[{"embeddable":true,"href":"https:\/\/www.kulturkreis-wachtendonk.de\/cms\/wp-json\/wp\/v2\/users\/4"}],"replies":[{"embeddable":true,"href":"https:\/\/www.kulturkreis-wachtendonk.de\/cms\/wp-json\/wp\/v2\/comments?post=9479"}],"version-history":[{"count":7,"href":"https:\/\/www.kulturkreis-wachtendonk.de\/cms\/wp-json\/wp\/v2\/posts\/9479\/revisions"}],"predecessor-version":[{"id":9917,"href":"https:\/\/www.kulturkreis-wachtendonk.de\/cms\/wp-json\/wp\/v2\/posts\/9479\/revisions\/9917"}],"wp:attachment":[{"href":"https:\/\/www.kulturkreis-wachtendonk.de\/cms\/wp-json\/wp\/v2\/media?parent=9479"}],"wp:term":[{"taxonomy":"category","embeddable":true,"href":"https:\/\/www.kulturkreis-wachtendonk.de\/cms\/wp-json\/wp\/v2\/categories?post=9479"},{"taxonomy":"post_tag","embeddable":true,"href":"https:\/\/www.kulturkreis-wachtendonk.de\/cms\/wp-json\/wp\/v2\/tags?post=9479"}],"curies":[{"name":"wp","href":"https:\/\/api.w.org\/{rel}","templated":true}]}}