{"id":9426,"date":"2021-07-08T13:13:37","date_gmt":"2021-07-08T11:13:37","guid":{"rendered":"https:\/\/www.kulturkreis-wachtendonk.de\/cms\/?p=9426"},"modified":"2021-10-11T15:04:06","modified_gmt":"2021-10-11T13:04:06","slug":"kulturkreis-startet-durch-mit-dabei-beim-sommer-mix-21-entwurf","status":"publish","type":"post","link":"https:\/\/www.kulturkreis-wachtendonk.de\/cms\/kulturkreis-startet-durch-mit-dabei-beim-sommer-mix-21-entwurf\/","title":{"rendered":"Kulturkreis startet durch  &#8211; mit dabei beim Sommer Mix `21"},"content":{"rendered":"<p style=\"text-align: justify;\">.<img fetchpriority=\"high\" decoding=\"async\" class=\"alignleft size-medium wp-image-9429\" src=\"https:\/\/www.kulturkreis-wachtendonk.de\/cms\/wp-content\/uploads\/2021\/06\/summermix21-300x167.jpg\" alt=\"\" width=\"300\" height=\"167\" srcset=\"https:\/\/www.kulturkreis-wachtendonk.de\/cms\/wp-content\/uploads\/2021\/06\/summermix21-300x167.jpg 300w, https:\/\/www.kulturkreis-wachtendonk.de\/cms\/wp-content\/uploads\/2021\/06\/summermix21-768x427.jpg 768w, https:\/\/www.kulturkreis-wachtendonk.de\/cms\/wp-content\/uploads\/2021\/06\/summermix21-1024x569.jpg 1024w, https:\/\/www.kulturkreis-wachtendonk.de\/cms\/wp-content\/uploads\/2021\/06\/summermix21.jpg 1568w\" sizes=\"(max-width: 300px) 100vw, 300px\" \/><strong>&#8230;..wir machen das jetzt einfach&#8230;..<\/strong>.<\/p>\n<p style=\"text-align: justify;\">so, oder so \u00e4hnlich lautete der erste Gedanke, als man \u00fcber die sommerlichen Veranstaltungen in Wachtendonk und Wankum nachdachte.<\/p>\n<p style=\"text-align: justify;\">Da es in den vergangenen Monaten wegen Corona f\u00fcr uns, die Werbegemeinschaft &#8222;Wir f\u00fcr Wachtendonk und Wankum&#8220; und auch den Wankumer Heimatbund fast nicht m\u00f6glich war, Veranstaltungen durchzuf\u00fchren, kam die Idee auf, gemeinsam eine Veranstaltungs-Reihe zu planen und sich damit zur\u00fcck zu melden.\u00a0<\/p>\n<p style=\"text-align: justify;\">In nur 2 Wochen wurde ein Konzept f\u00fcr einen abwechslungsreichen Veranstaltungs-Sommer mit 11 Veranstaltungen erstellt. Die\u00a0 einzelnen Events,\u00a0 Konzerte, Comedy, Lesung mit Musik und eine Zaubershow, f\u00fcgen sich als bunte Puzzlesteine zu einem herrlichen Bild von einem gemeinsamen, unterhaltsamen und unbeschwerten Sommerszenario zusammen.<\/p>\n","protected":false},"excerpt":{"rendered":"<p>.&#8230;..wir machen das jetzt einfach&#8230;&#8230; so, oder so \u00e4hnlich lautete der erste Gedanke, als man \u00fcber die sommerlichen Veranstaltungen in Wachtendonk und Wankum nachdachte. Da es in den vergangenen Monaten wegen Corona f\u00fcr uns, die Werbegemeinschaft &#8222;Wir f\u00fcr Wachtendonk und Wankum&#8220; und auch den Wankumer Heimatbund fast nicht m\u00f6glich war, Veranstaltungen durchzuf\u00fchren, kam die Idee &#8230; <\/p>\n<p class=\"read-more-container\"><a title=\"Kulturkreis startet durch  &#8211; mit dabei beim Sommer Mix `21\" class=\"read-more button\" href=\"https:\/\/www.kulturkreis-wachtendonk.de\/cms\/kulturkreis-startet-durch-mit-dabei-beim-sommer-mix-21-entwurf\/#more-9426\" aria-label=\"Mehr Informationen \u00fcber Kulturkreis startet durch  &#8211; mit dabei beim Sommer Mix `21\">Weiterlesen &#8230;<\/a><\/p>\n","protected":false},"author":4,"featured_media":0,"comment_status":"closed","ping_status":"closed","sticky":false,"template":"","format":"standard","meta":{"footnotes":""},"categories":[16],"tags":[],"class_list":["post-9426","post","type-post","status-publish","format-standard","hentry","category-veranstaltungsarchiv"],"_links":{"self":[{"href":"https:\/\/www.kulturkreis-wachtendonk.de\/cms\/wp-json\/wp\/v2\/posts\/9426","targetHints":{"allow":["GET"]}}],"collection":[{"href":"https:\/\/www.kulturkreis-wachtendonk.de\/cms\/wp-json\/wp\/v2\/posts"}],"about":[{"href":"https:\/\/www.kulturkreis-wachtendonk.de\/cms\/wp-json\/wp\/v2\/types\/post"}],"author":[{"embeddable":true,"href":"https:\/\/www.kulturkreis-wachtendonk.de\/cms\/wp-json\/wp\/v2\/users\/4"}],"replies":[{"embeddable":true,"href":"https:\/\/www.kulturkreis-wachtendonk.de\/cms\/wp-json\/wp\/v2\/comments?post=9426"}],"version-history":[{"count":16,"href":"https:\/\/www.kulturkreis-wachtendonk.de\/cms\/wp-json\/wp\/v2\/posts\/9426\/revisions"}],"predecessor-version":[{"id":9901,"href":"https:\/\/www.kulturkreis-wachtendonk.de\/cms\/wp-json\/wp\/v2\/posts\/9426\/revisions\/9901"}],"wp:attachment":[{"href":"https:\/\/www.kulturkreis-wachtendonk.de\/cms\/wp-json\/wp\/v2\/media?parent=9426"}],"wp:term":[{"taxonomy":"category","embeddable":true,"href":"https:\/\/www.kulturkreis-wachtendonk.de\/cms\/wp-json\/wp\/v2\/categories?post=9426"},{"taxonomy":"post_tag","embeddable":true,"href":"https:\/\/www.kulturkreis-wachtendonk.de\/cms\/wp-json\/wp\/v2\/tags?post=9426"}],"curies":[{"name":"wp","href":"https:\/\/api.w.org\/{rel}","templated":true}]}}