{"id":8458,"date":"2020-01-02T08:00:15","date_gmt":"2020-01-02T07:00:15","guid":{"rendered":"https:\/\/www.kulturkreis-wachtendonk.de\/cms\/?p=8458"},"modified":"2020-01-02T09:14:36","modified_gmt":"2020-01-02T08:14:36","slug":"konzert-am-neujahrstag-orgel-akkordeon","status":"publish","type":"post","link":"https:\/\/www.kulturkreis-wachtendonk.de\/cms\/konzert-am-neujahrstag-orgel-akkordeon\/","title":{"rendered":"Konzert am Neujahrstag: Orgel &#038; Akkordeon"},"content":{"rendered":"<p><figure id=\"attachment_6723\" aria-describedby=\"caption-attachment-6723\" style=\"width: 190px\" class=\"wp-caption alignleft\"><img decoding=\"async\" class=\"size-thumbnail wp-image-6723\" src=\"https:\/\/www.kulturkreis-wachtendonk.de\/cms\/wp-content\/uploads\/2017\/11\/Ute-Gremmel-Geuchen-Foto-Kurt-L\u00fcbke-200x200.jpg\" alt=\"\" width=\"200\" height=\"200\" \/><figcaption id=\"caption-attachment-6723\" class=\"wp-caption-text\">Ute Gremmel-Geuchen<br \/>\nFoto: Kurt L\u00fcbke<\/figcaption><\/figure> <figure id=\"attachment_8453\" aria-describedby=\"caption-attachment-8453\" style=\"width: 190px\" class=\"wp-caption alignleft\"><img decoding=\"async\" class=\"size-thumbnail wp-image-8453\" src=\"https:\/\/www.kulturkreis-wachtendonk.de\/cms\/wp-content\/uploads\/2019\/11\/Jacobs-2020-01-01-Foto-Frank-Preuss-200x200.jpg\" alt=\"\" width=\"200\" height=\"200\" \/><figcaption id=\"caption-attachment-8453\" class=\"wp-caption-text\">Prof. Dr. phil. Jacobs<br \/>\nFoto: Frank Preuss<\/figcaption><\/figure><\/p>\n<p>&nbsp;<\/p>\n<p><strong>Neujahrs-Konzert in \u201eSt. Michael\u201c<\/strong><\/p>\n<p><strong>Ute Gremmel-Geuchen -Orgel-\u00a0<\/strong><br \/>\n<strong>\u00a0\u00a0\u00a0\u00a0\u00a0\u00a0\u00a0\u00a0\u00a0\u00a0\u00a0\u00a0\u00a0\u00a0\u00a0\u00a0\u00a0\u00a0\u00a0\u00a0\u00a0\u00a0 &amp;<\/strong><br \/>\n<strong>Prof. Dr. phil. Helmut Jacobs -Akkordeon-<\/strong><\/p>\n<p><strong>Mittwoch, 1.1.2020,\u00a017 Uhr<br \/>\n<\/strong><\/p>\n<p>&nbsp;<\/p>\n<p style=\"text-align: justify;\">Das traditionelle <strong>Konzert <\/strong>in der St. Michael Kirche Wachtendonk <strong>am Neujahrstag <\/strong>gestalten in diesem Jahr\u00a0Ute Gremmel-Geuchen gemeinsam mit Prof. Dr. phil. Helmut\u00a0Jacobs<strong>.<\/strong><\/p>\n<p style=\"text-align: justify;\"><strong>Ute Gremmel-Geuchen <\/strong>ist seit 2000 Organistin an der K\u00f6nig-Orgel der Paterskirche zu Kempen und k\u00fcnstlerische Leiterin der Kempener Orgelkonzerte. Als international gefragte und vielfach ausgezeichnete K\u00fcnstlerin ist sie gern gesehener Gast in Wachtendonk. 2012 war sie an einer Gesamtaufnahme des Bachschen Orgelwerks an els\u00e4ssischen Silbermann-Orgeln beteiligt, die 2013 mit dem renommierten Echo-Klassik-Preis ausgezeichnet wurde.<br \/>\n<strong>Prof. Dr. phil. <\/strong><strong>Helmut Jacobs<\/strong> ist Lehrstuhlinhaber am Institut f\u00fcr Romanische Sprachen und Literaturen der Universit\u00e4t Duisburg-Essen. Er befasst sich zudem mit zeitgen\u00f6ssischer und klassischer Akkordeonmusik. Als Akkordeonspieler wurde er bei nationalen und internationalen Wettbewerben geehrt und hat bereits mehrere CDs ver\u00f6ffentlicht. Im Jahr 2014 wurde Jacobs ans <em>Central Conservatory of Music<\/em> in Peking eingeladen.<\/p>\n<p><strong>St. Michael Kirche, Wachtendonk<\/strong><\/p>\n<p><strong>Eintritt frei. Spenden werden erbeten.<\/strong><strong>\u00a0<\/strong><\/p>\n<p>&nbsp;<\/p>\n","protected":false},"excerpt":{"rendered":"<p>&nbsp; Neujahrs-Konzert in \u201eSt. Michael\u201c Ute Gremmel-Geuchen -Orgel-\u00a0 \u00a0\u00a0\u00a0\u00a0\u00a0\u00a0\u00a0\u00a0\u00a0\u00a0\u00a0\u00a0\u00a0\u00a0\u00a0\u00a0\u00a0\u00a0\u00a0\u00a0\u00a0\u00a0 &amp; Prof. Dr. phil. Helmut Jacobs -Akkordeon- Mittwoch, 1.1.2020,\u00a017 Uhr &nbsp; Das traditionelle Konzert in der St. Michael Kirche Wachtendonk am Neujahrstag gestalten in diesem Jahr\u00a0Ute Gremmel-Geuchen gemeinsam mit Prof. Dr. phil. Helmut\u00a0Jacobs. Ute Gremmel-Geuchen ist seit 2000 Organistin an der K\u00f6nig-Orgel der Paterskirche zu Kempen &#8230; <\/p>\n<p class=\"read-more-container\"><a title=\"Konzert am Neujahrstag: Orgel &#038; Akkordeon\" class=\"read-more button\" href=\"https:\/\/www.kulturkreis-wachtendonk.de\/cms\/konzert-am-neujahrstag-orgel-akkordeon\/#more-8458\" aria-label=\"Mehr Informationen \u00fcber Konzert am Neujahrstag: Orgel &#038; Akkordeon\">Weiterlesen &#8230;<\/a><\/p>\n","protected":false},"author":4,"featured_media":0,"comment_status":"closed","ping_status":"closed","sticky":false,"template":"","format":"standard","meta":{"footnotes":""},"categories":[16],"tags":[],"class_list":["post-8458","post","type-post","status-publish","format-standard","hentry","category-veranstaltungsarchiv"],"_links":{"self":[{"href":"https:\/\/www.kulturkreis-wachtendonk.de\/cms\/wp-json\/wp\/v2\/posts\/8458","targetHints":{"allow":["GET"]}}],"collection":[{"href":"https:\/\/www.kulturkreis-wachtendonk.de\/cms\/wp-json\/wp\/v2\/posts"}],"about":[{"href":"https:\/\/www.kulturkreis-wachtendonk.de\/cms\/wp-json\/wp\/v2\/types\/post"}],"author":[{"embeddable":true,"href":"https:\/\/www.kulturkreis-wachtendonk.de\/cms\/wp-json\/wp\/v2\/users\/4"}],"replies":[{"embeddable":true,"href":"https:\/\/www.kulturkreis-wachtendonk.de\/cms\/wp-json\/wp\/v2\/comments?post=8458"}],"version-history":[{"count":11,"href":"https:\/\/www.kulturkreis-wachtendonk.de\/cms\/wp-json\/wp\/v2\/posts\/8458\/revisions"}],"predecessor-version":[{"id":8525,"href":"https:\/\/www.kulturkreis-wachtendonk.de\/cms\/wp-json\/wp\/v2\/posts\/8458\/revisions\/8525"}],"wp:attachment":[{"href":"https:\/\/www.kulturkreis-wachtendonk.de\/cms\/wp-json\/wp\/v2\/media?parent=8458"}],"wp:term":[{"taxonomy":"category","embeddable":true,"href":"https:\/\/www.kulturkreis-wachtendonk.de\/cms\/wp-json\/wp\/v2\/categories?post=8458"},{"taxonomy":"post_tag","embeddable":true,"href":"https:\/\/www.kulturkreis-wachtendonk.de\/cms\/wp-json\/wp\/v2\/tags?post=8458"}],"curies":[{"name":"wp","href":"https:\/\/api.w.org\/{rel}","templated":true}]}}