{"id":8308,"date":"2018-08-01T12:35:32","date_gmt":"2018-08-01T10:35:32","guid":{"rendered":"https:\/\/www.kulturkreis-wachtendonk.de\/cms\/?p=8308"},"modified":"2019-09-18T16:59:55","modified_gmt":"2019-09-18T14:59:55","slug":"friedhelm-laser-wort-un-sinn","status":"publish","type":"post","link":"https:\/\/www.kulturkreis-wachtendonk.de\/cms\/friedhelm-laser-wort-un-sinn\/","title":{"rendered":"Friedhelm Laser &#8222;wort\/un\/sinn&#8220;"},"content":{"rendered":"<p>In der Ausstellung &#8222;wort\/un\/sinn&#8220; geht es vor allem um den Sinn bzw. die Bedeutung von Sprache in ihrem Bezug zur Wirklichkeit.<\/p>\n<p>\nMit Wortinstallationen, Objekten und Fotos werden vielf\u00e4ltige Beziehungen hergestellt, die einen neuen Blick auf die gro\u00dfe und kleine Welt er\u00f6ffnen wollen.<\/p>\n<p><a href=\"https:\/\/www.kulturkreis-wachtendonk.de\/cms\/wp-content\/uploads\/2019\/08\/DSC_1471_1200.jpg\"><img decoding=\"async\" class=\"alignleft size-thumbnail wp-image-8310\" src=\"https:\/\/www.kulturkreis-wachtendonk.de\/cms\/wp-content\/uploads\/2019\/08\/DSC_1471_1200-200x200.jpg\" alt=\"\" width=\"200\" height=\"200\" \/><\/a> <a href=\"https:\/\/www.kulturkreis-wachtendonk.de\/cms\/wp-content\/uploads\/2019\/08\/DSC_1488_1200.jpg\"><img decoding=\"async\" class=\"alignleft size-thumbnail wp-image-8311\" src=\"https:\/\/www.kulturkreis-wachtendonk.de\/cms\/wp-content\/uploads\/2019\/08\/DSC_1488_1200-200x200.jpg\" alt=\"\" width=\"200\" height=\"200\" \/><\/a> <a href=\"https:\/\/www.kulturkreis-wachtendonk.de\/cms\/wp-content\/uploads\/2019\/08\/DSC_1502_1200.jpg\"><img decoding=\"async\" class=\"alignleft size-thumbnail wp-image-8312\" src=\"https:\/\/www.kulturkreis-wachtendonk.de\/cms\/wp-content\/uploads\/2019\/08\/DSC_1502_1200-200x200.jpg\" alt=\"\" width=\"200\" height=\"200\" \/><\/a><\/p>\n<p>&nbsp;<\/p>\n<p>&nbsp;<\/p>\n<p>&nbsp;<\/p>\n<p>&nbsp;<\/p>\n<p>&nbsp;<\/p>\n<p>&nbsp;<\/p>\n<p>&nbsp;<\/p>\n<p><strong>Die Ausstellung im Alten Wasserwerk ist ge\u00f6ffnet am:<\/strong><br \/>\nSamstag, 24.08.2019, 17 &#8211; 21 Uhr<br \/>\nSonntag, 25.08.2019, 11 &#8211; 17 Uhr<br \/>\nSonntag, 01.09.2019, 11 &#8211; 17 Uhr<\/p>\n<p><strong>Der K\u00fcnstler Friedhelm Laser ist zu den \u00d6ffnungszeiten der Ausstellung anwesend.<\/strong><\/p>\n<p>Die Ausstellung findet im \u00bb <a href=\"https:\/\/www.kulturkreis-wachtendonk.de\/cms\/?p=18\">ALTEN WASSERWERK<\/a> \u00ab in Wachtendonk statt.<\/p>\n","protected":false},"excerpt":{"rendered":"<p>In der Ausstellung &#8222;wort\/un\/sinn&#8220; geht es vor allem um den Sinn bzw. die Bedeutung von Sprache in ihrem Bezug zur Wirklichkeit. Mit Wortinstallationen, Objekten und Fotos werden vielf\u00e4ltige Beziehungen hergestellt, die einen neuen Blick auf die gro\u00dfe und kleine Welt er\u00f6ffnen wollen. &nbsp; &nbsp; &nbsp; &nbsp; &nbsp; &nbsp; &nbsp; Die Ausstellung im Alten Wasserwerk ist &#8230; <\/p>\n<p class=\"read-more-container\"><a title=\"Friedhelm Laser &#8222;wort\/un\/sinn&#8220;\" class=\"read-more button\" href=\"https:\/\/www.kulturkreis-wachtendonk.de\/cms\/friedhelm-laser-wort-un-sinn\/#more-8308\" aria-label=\"Mehr Informationen \u00fcber Friedhelm Laser &#8222;wort\/un\/sinn&#8220;\">Weiterlesen &#8230;<\/a><\/p>\n","protected":false},"author":4,"featured_media":0,"comment_status":"closed","ping_status":"closed","sticky":false,"template":"","format":"standard","meta":{"footnotes":""},"categories":[16],"tags":[],"class_list":["post-8308","post","type-post","status-publish","format-standard","hentry","category-veranstaltungsarchiv"],"_links":{"self":[{"href":"https:\/\/www.kulturkreis-wachtendonk.de\/cms\/wp-json\/wp\/v2\/posts\/8308","targetHints":{"allow":["GET"]}}],"collection":[{"href":"https:\/\/www.kulturkreis-wachtendonk.de\/cms\/wp-json\/wp\/v2\/posts"}],"about":[{"href":"https:\/\/www.kulturkreis-wachtendonk.de\/cms\/wp-json\/wp\/v2\/types\/post"}],"author":[{"embeddable":true,"href":"https:\/\/www.kulturkreis-wachtendonk.de\/cms\/wp-json\/wp\/v2\/users\/4"}],"replies":[{"embeddable":true,"href":"https:\/\/www.kulturkreis-wachtendonk.de\/cms\/wp-json\/wp\/v2\/comments?post=8308"}],"version-history":[{"count":13,"href":"https:\/\/www.kulturkreis-wachtendonk.de\/cms\/wp-json\/wp\/v2\/posts\/8308\/revisions"}],"predecessor-version":[{"id":8344,"href":"https:\/\/www.kulturkreis-wachtendonk.de\/cms\/wp-json\/wp\/v2\/posts\/8308\/revisions\/8344"}],"wp:attachment":[{"href":"https:\/\/www.kulturkreis-wachtendonk.de\/cms\/wp-json\/wp\/v2\/media?parent=8308"}],"wp:term":[{"taxonomy":"category","embeddable":true,"href":"https:\/\/www.kulturkreis-wachtendonk.de\/cms\/wp-json\/wp\/v2\/categories?post=8308"},{"taxonomy":"post_tag","embeddable":true,"href":"https:\/\/www.kulturkreis-wachtendonk.de\/cms\/wp-json\/wp\/v2\/tags?post=8308"}],"curies":[{"name":"wp","href":"https:\/\/api.w.org\/{rel}","templated":true}]}}