{"id":8195,"date":"2019-07-29T09:00:22","date_gmt":"2019-07-29T07:00:22","guid":{"rendered":"https:\/\/www.kulturkreis-wachtendonk.de\/cms\/?p=8195"},"modified":"2019-07-30T11:21:42","modified_gmt":"2019-07-30T09:21:42","slug":"symposium-mit-anschliessender-ausstellung","status":"publish","type":"post","link":"https:\/\/www.kulturkreis-wachtendonk.de\/cms\/symposium-mit-anschliessender-ausstellung\/","title":{"rendered":"Symposium mit anschlie\u00dfender Ausstellung"},"content":{"rendered":"<figure id=\"attachment_160\" aria-describedby=\"caption-attachment-160\" style=\"width: 140px\" class=\"wp-caption alignleft\"><img decoding=\"async\" class=\"size-thumbnail wp-image-160\" src=\"https:\/\/www.kulturkreis-wachtendonk.de\/cms\/wp-content\/uploads\/2009\/03\/altes_wasserwerk_160-150x115.jpg\" alt=\"\" width=\"150\" height=\"115\" \/><figcaption id=\"caption-attachment-160\" class=\"wp-caption-text\">Altes Wasserwerk<\/figcaption><\/figure>\n<p><strong>Symposium<br \/>\nwork in process<\/strong><br \/>\n<strong>Samstag, 13.7. \u2013 Sonntag, 21.7.2019<\/strong><br \/>\n<strong>jeweils 10 \u2013 17 Uhr<\/p>\n<p><\/strong><\/p>\n<p><strong>Ausstellung<\/strong><br \/>\n<strong>Samstag, 20.7.2019 von\u00a0 16 \u2013 18 Uhr und<\/strong><br \/>\n<strong>Sonntag, 21.7.2019 von\u00a012 \u2013 18 Uhr<\/strong><\/p>\n<p>&nbsp;<\/p>\n<p style=\"text-align: justify;\">Eine f\u00fcnfk\u00f6pfige K\u00fcnstlergruppe aus verschiedenen Regionen von NRW trifft sich im alten Wasserwerk Wachtendonk, um dort eine Woche Kunst zu machen. Besucher, die ihnen bei der Arbeit \u00fcber die Schulter schauen und bei einer Tasse Kaffee ins Gespr\u00e4ch kommen wollen, sind herzlich willkommen.\u00a0<\/p>\n<p style=\"text-align: justify;\">An den beiden letzten Tagen werden die Arbeitsergebnisse in diesem besonderen Geb\u00e4ude pr\u00e4sentiert.\u00a0<\/p>\n<p style=\"text-align: justify;\">Das Ganze ist ein Experiment, auf das die K\u00fcnstler sich einlassen. Keiner von ihnen hat schon jetzt eine Vorstellung davon, was dort entstehen soll. Eine Inspiration k\u00f6nnte das in die Jahre gekommene Geb\u00e4ude mit seinem speziellen Charme sein, eine weitere vielleicht die umgebenden Felder und Baumbest\u00e4nde oder die Schafe, die dort grasen &#8211; nicht zuletzt aber\u00a0 wird es auch spannend sein, zu sehen, wie die K\u00fcnstler, die sich teilweise gerade erst kennen gelernt haben, miteinander agieren und reagieren.<\/p>\n<p>Dabei sind:<\/p>\n<p>Dagmar Irma D\u00e4hnert &#8211; Malerei, Druck, Collagen<br \/>\nGerda Lipski &#8211; Malerei<br \/>\nEliana Schwarzenberg &#8211; Malerei, Zeichnung<br \/>\nAlfons Thesing &#8211; Skulptur-Objekte<br \/>\nNanni Wagner &#8211; Objekte<\/p>\n<p style=\"text-align: justify;\">Am Sonntag den 21.7.19 um 12 Uhr versuchen die Musiker Klaus Priesen und Frank Preu\u00df im Rahmen der Kunstaktion, mit ihren klingenden Instrumenten, Squire Jaguar, Klangschalen, Vibraklavier und verschiedener Trommeln\u00a0 Klangspuren im Wasserwerk h\u00f6rbar zu machen. Im musikalischen Miteinander sollen sich unterschiedliche T\u00f6ne \u00fcbereinander lagern und somit die akustische Dichte im Raum erh\u00f6hen &#8211; ganz \u00e4hnlich einer Skulptur!<\/p>\n<p style=\"text-align: justify;\">Schauen Sie also vorbei\u00a0 &#8211; und lassen sich \u00fcberraschen, was dort passiert!<\/p>\n<p><strong>\u201eAltes Wasserwerk\u201c<\/strong><\/p>\n","protected":false},"excerpt":{"rendered":"<p>Symposium work in process Samstag, 13.7. \u2013 Sonntag, 21.7.2019 jeweils 10 \u2013 17 Uhr Ausstellung Samstag, 20.7.2019 von\u00a0 16 \u2013 18 Uhr und Sonntag, 21.7.2019 von\u00a012 \u2013 18 Uhr &nbsp; Eine f\u00fcnfk\u00f6pfige K\u00fcnstlergruppe aus verschiedenen Regionen von NRW trifft sich im alten Wasserwerk Wachtendonk, um dort eine Woche Kunst zu machen. Besucher, die ihnen bei &#8230; <\/p>\n<p class=\"read-more-container\"><a title=\"Symposium mit anschlie\u00dfender Ausstellung\" class=\"read-more button\" href=\"https:\/\/www.kulturkreis-wachtendonk.de\/cms\/symposium-mit-anschliessender-ausstellung\/#more-8195\" aria-label=\"Mehr Informationen \u00fcber Symposium mit anschlie\u00dfender Ausstellung\">Weiterlesen &#8230;<\/a><\/p>\n","protected":false},"author":4,"featured_media":0,"comment_status":"closed","ping_status":"closed","sticky":false,"template":"","format":"standard","meta":{"footnotes":""},"categories":[16],"tags":[],"class_list":["post-8195","post","type-post","status-publish","format-standard","hentry","category-veranstaltungsarchiv"],"_links":{"self":[{"href":"https:\/\/www.kulturkreis-wachtendonk.de\/cms\/wp-json\/wp\/v2\/posts\/8195","targetHints":{"allow":["GET"]}}],"collection":[{"href":"https:\/\/www.kulturkreis-wachtendonk.de\/cms\/wp-json\/wp\/v2\/posts"}],"about":[{"href":"https:\/\/www.kulturkreis-wachtendonk.de\/cms\/wp-json\/wp\/v2\/types\/post"}],"author":[{"embeddable":true,"href":"https:\/\/www.kulturkreis-wachtendonk.de\/cms\/wp-json\/wp\/v2\/users\/4"}],"replies":[{"embeddable":true,"href":"https:\/\/www.kulturkreis-wachtendonk.de\/cms\/wp-json\/wp\/v2\/comments?post=8195"}],"version-history":[{"count":8,"href":"https:\/\/www.kulturkreis-wachtendonk.de\/cms\/wp-json\/wp\/v2\/posts\/8195\/revisions"}],"predecessor-version":[{"id":8251,"href":"https:\/\/www.kulturkreis-wachtendonk.de\/cms\/wp-json\/wp\/v2\/posts\/8195\/revisions\/8251"}],"wp:attachment":[{"href":"https:\/\/www.kulturkreis-wachtendonk.de\/cms\/wp-json\/wp\/v2\/media?parent=8195"}],"wp:term":[{"taxonomy":"category","embeddable":true,"href":"https:\/\/www.kulturkreis-wachtendonk.de\/cms\/wp-json\/wp\/v2\/categories?post=8195"},{"taxonomy":"post_tag","embeddable":true,"href":"https:\/\/www.kulturkreis-wachtendonk.de\/cms\/wp-json\/wp\/v2\/tags?post=8195"}],"curies":[{"name":"wp","href":"https:\/\/api.w.org\/{rel}","templated":true}]}}