{"id":8066,"date":"2019-06-24T09:00:36","date_gmt":"2019-06-24T07:00:36","guid":{"rendered":"https:\/\/www.kulturkreis-wachtendonk.de\/cms\/?p=8066"},"modified":"2019-06-24T09:50:43","modified_gmt":"2019-06-24T07:50:43","slug":"ausstellung-2","status":"publish","type":"post","link":"https:\/\/www.kulturkreis-wachtendonk.de\/cms\/ausstellung-2\/","title":{"rendered":"Ausstellung"},"content":{"rendered":"<p><img decoding=\"async\" class=\"alignleft size-thumbnail wp-image-8067\" src=\"https:\/\/www.kulturkreis-wachtendonk.de\/cms\/wp-content\/uploads\/2019\/04\/Gruppe-MachART2018-200x200.jpg\" alt=\"\" width=\"200\" height=\"200\" \/><\/p>\n<p>&nbsp;<\/p>\n<p><strong>Gruppe MachArt<\/strong><\/p>\n<p><strong>Montag, 17.06. \u2013 Samstag, 22.6.2019<\/strong><\/p>\n<p><strong>jeweils 10.00 bis 17.00 Uhr<\/strong><\/p>\n<p>&nbsp;<\/p>\n<p style=\"text-align: justify;\">Zum insgesamt sechsten Mal wird die Gruppe MachART auch 2019 ihr Atelier f\u00fcr eine Woche in das alte Wasserwerk in Wachtendonk verlegen.<\/p>\n<p style=\"text-align: justify;\">Die Gruppe MachART ist seit 1993 ein Zusammenschluss von aktuell 12 K\u00fcnstler\/innen vom linken Niederrhein. Jedes Jahr findet eine gemeinsame \u00f6ffentliche Ausstellung statt, in der sich alle Mitglieder mit einem gemeinsam erarbeiteten Thema auseinandersetzen. Maler\/innen, Grafiker\/innen, Bildhauer, eine Fotografin und eine Glask\u00fcnstlerin verabreden sich regelm\u00e4\u00dfig zum k\u00fcnstlerischen Austausch und gemeinsamen Arbeiten.<\/p>\n<p style=\"text-align: justify;\">Vom 17. Juni bis zum 22. Juni 2019 von 10.00 Uhr bis 17.00 Uhr treffen sich wieder Mitglieder der Gruppe zum sechsten Offenen Atelier im alten Wasserwerk in Wachtendonk. In den letzten Jahren arbeiteten die K\u00fcnstler\/innen hier jeweils eine Woche mit offenen T\u00fcren f\u00fcr Be-sucher. Das Alte Wasserwerk mit seinem morbiden Charme und den gro\u00dfen Freir\u00e4umen in diesem ungew\u00f6hnlichen Gem\u00e4uer er\u00f6ffnet den K\u00fcnstlerinnen eine besondere M\u00f6glichkeit, kreativ zu arbeiten und sich untereinander und mit interessierten Besuchern auszutauschen.<\/p>\n<p style=\"text-align: justify;\">Jede Teilnehmerin arbeitet vor Ort im Sinne ihrer eigenen k\u00fcnstlerischen Position. Die Abgeschiedenheit der Wirkungsst\u00e4tte erm\u00f6glicht eine intensive Auseinandersetzung mit den eigenen Werken und mit den Arbeiten der anderen Gruppenmitglieder. Durch die gro\u00dfz\u00fcgigen R\u00e4um-lichkeiten, die guten Lichtverh\u00e4ltnisse und die umgebende Natur entsteht ein fruchtbarer k\u00fcnstlerischer Dialog.<\/p>\n<p style=\"text-align: justify;\">Die T\u00fcren stehen an allen Tagen offen, d.h. Besucher sind herzlich eingeladen, den K\u00fcnstler\/innen \u00fcber die Schulter zu schauen und den k\u00fcnstlerischen Dialog zu verfolgen. Die K\u00fcnstler\/innen freuen sich auf viele Gespr\u00e4che, Kommentare und Meinungen zu ihren Arbeiten. Au\u00dferdem k\u00f6nnen w\u00e4hrend einer Finissage am Samstag, den 22. Juni ab 17.00 Uhr alle interessierten Besucher die entstandenen\u00a0Kunstwerke in gem\u00fctlichem Rahmen betrachten.<\/p>\n","protected":false},"excerpt":{"rendered":"<p>&nbsp; Gruppe MachArt Montag, 17.06. \u2013 Samstag, 22.6.2019 jeweils 10.00 bis 17.00 Uhr &nbsp; Zum insgesamt sechsten Mal wird die Gruppe MachART auch 2019 ihr Atelier f\u00fcr eine Woche in das alte Wasserwerk in Wachtendonk verlegen. Die Gruppe MachART ist seit 1993 ein Zusammenschluss von aktuell 12 K\u00fcnstler\/innen vom linken Niederrhein. Jedes Jahr findet eine &#8230; <\/p>\n<p class=\"read-more-container\"><a title=\"Ausstellung\" class=\"read-more button\" href=\"https:\/\/www.kulturkreis-wachtendonk.de\/cms\/ausstellung-2\/#more-8066\" aria-label=\"Mehr Informationen \u00fcber Ausstellung\">Weiterlesen &#8230;<\/a><\/p>\n","protected":false},"author":4,"featured_media":0,"comment_status":"closed","ping_status":"closed","sticky":false,"template":"","format":"standard","meta":{"footnotes":""},"categories":[16],"tags":[],"class_list":["post-8066","post","type-post","status-publish","format-standard","hentry","category-veranstaltungsarchiv"],"_links":{"self":[{"href":"https:\/\/www.kulturkreis-wachtendonk.de\/cms\/wp-json\/wp\/v2\/posts\/8066","targetHints":{"allow":["GET"]}}],"collection":[{"href":"https:\/\/www.kulturkreis-wachtendonk.de\/cms\/wp-json\/wp\/v2\/posts"}],"about":[{"href":"https:\/\/www.kulturkreis-wachtendonk.de\/cms\/wp-json\/wp\/v2\/types\/post"}],"author":[{"embeddable":true,"href":"https:\/\/www.kulturkreis-wachtendonk.de\/cms\/wp-json\/wp\/v2\/users\/4"}],"replies":[{"embeddable":true,"href":"https:\/\/www.kulturkreis-wachtendonk.de\/cms\/wp-json\/wp\/v2\/comments?post=8066"}],"version-history":[{"count":5,"href":"https:\/\/www.kulturkreis-wachtendonk.de\/cms\/wp-json\/wp\/v2\/posts\/8066\/revisions"}],"predecessor-version":[{"id":8343,"href":"https:\/\/www.kulturkreis-wachtendonk.de\/cms\/wp-json\/wp\/v2\/posts\/8066\/revisions\/8343"}],"wp:attachment":[{"href":"https:\/\/www.kulturkreis-wachtendonk.de\/cms\/wp-json\/wp\/v2\/media?parent=8066"}],"wp:term":[{"taxonomy":"category","embeddable":true,"href":"https:\/\/www.kulturkreis-wachtendonk.de\/cms\/wp-json\/wp\/v2\/categories?post=8066"},{"taxonomy":"post_tag","embeddable":true,"href":"https:\/\/www.kulturkreis-wachtendonk.de\/cms\/wp-json\/wp\/v2\/tags?post=8066"}],"curies":[{"name":"wp","href":"https:\/\/api.w.org\/{rel}","templated":true}]}}