{"id":7973,"date":"2019-06-24T08:00:58","date_gmt":"2019-06-24T06:00:58","guid":{"rendered":"https:\/\/www.kulturkreis-wachtendonk.de\/cms\/?p=7973"},"modified":"2019-06-24T09:49:32","modified_gmt":"2019-06-24T07:49:32","slug":"kabarett-im-kirmes-festzelt-2","status":"publish","type":"post","link":"https:\/\/www.kulturkreis-wachtendonk.de\/cms\/kabarett-im-kirmes-festzelt-2\/","title":{"rendered":"Kabarett im Kirmes-Festzelt"},"content":{"rendered":"<figure id=\"attachment_7971\" aria-describedby=\"caption-attachment-7971\" style=\"width: 190px\" class=\"wp-caption alignleft\"><img decoding=\"async\" class=\"size-thumbnail wp-image-7971\" src=\"https:\/\/www.kulturkreis-wachtendonk.de\/cms\/wp-content\/uploads\/2019\/01\/Kai-Magnus-Sting_02\u00a9Harald-Hoffmann_gr-200x200.jpg\" alt=\"\" width=\"200\" height=\"200\" \/><figcaption id=\"caption-attachment-7971\" class=\"wp-caption-text\">Kai Magnus Sting<br \/>\nPhoto: Harald Hoffmann<\/figcaption><\/figure>\n<p>&nbsp;<\/p>\n<p><strong>Kai Magnus Sting<\/strong><\/p>\n<p><strong>&#8222;Sonst noch was ?!&#8220;<\/strong><\/p>\n<p><strong>Mittwoch, 19.6.2019,\u00a020 Uhr<\/strong><\/p>\n<p style=\"text-align: justify;\">\u00a0<\/p>\n<p style=\"text-align: justify;\">Auch in seinem neuesten Programm macht Kai Magnus Sting seinem Unmut nach allen Regeln der Wortkunst Luft. Er versteht die Welt nicht mehr. Im Umkehrschluss bedeutet dies: die Welt versteht Herrn Sting auch nicht mehr. Sonst noch was?<br \/>\nImmer auf die Lachmuskeln seines Publikums zielend verzweifelt er meisterlich an den komischen Dingen, den gro\u00dfen Kleinigkeiten und anderen St\u00fcckskes seines absurden Alltags. Kabarett vom Allerfeinsten!<\/p>\n<p style=\"text-align: justify;\">Der 1978 in Duisburg geborene Kabarettist\u00a0Kai Magnus Sting tritt seit \u00fcber 20 Jahren regelm\u00e4\u00dfig auf den B\u00fchnen der deutschsprachigen L\u00e4nder auf. In seinen Soloprogrammen \u00fcbergie\u00dft er mit einem ungeheuren Redeschwall jeden und alles mit Spott und schnellt in wahnwitzigem Tempo von einer Begebenheit zum n\u00e4chsten Skandal: brillant, bissig und messerscharf.<\/p>\n<p style=\"text-align: justify;\">Auch als Autor von Kriminalromanen und -h\u00f6rspielen (\u201eTod unter Gurken\u201c, &#8222;Leichenpuzzle&#8220; u.a.) sowie in seinem aktuellen Erz\u00e4hlband \u201eImmer ist was, weil sonst w\u00e4r ja nix\u201c entpuppt er sich als <i><\/i>wahrer Wortakrobat.<\/p>\n<p><strong>Festzelt auf dem Friedensplatz<\/strong><\/p>\n","protected":false},"excerpt":{"rendered":"<p>&nbsp; Kai Magnus Sting &#8222;Sonst noch was ?!&#8220; Mittwoch, 19.6.2019,\u00a020 Uhr \u00a0 Auch in seinem neuesten Programm macht Kai Magnus Sting seinem Unmut nach allen Regeln der Wortkunst Luft. Er versteht die Welt nicht mehr. Im Umkehrschluss bedeutet dies: die Welt versteht Herrn Sting auch nicht mehr. Sonst noch was? Immer auf die Lachmuskeln seines &#8230; <\/p>\n<p class=\"read-more-container\"><a title=\"Kabarett im Kirmes-Festzelt\" class=\"read-more button\" href=\"https:\/\/www.kulturkreis-wachtendonk.de\/cms\/kabarett-im-kirmes-festzelt-2\/#more-7973\" aria-label=\"Mehr Informationen \u00fcber Kabarett im Kirmes-Festzelt\">Weiterlesen &#8230;<\/a><\/p>\n","protected":false},"author":4,"featured_media":0,"comment_status":"closed","ping_status":"closed","sticky":false,"template":"","format":"standard","meta":{"footnotes":""},"categories":[16],"tags":[],"class_list":["post-7973","post","type-post","status-publish","format-standard","hentry","category-veranstaltungsarchiv"],"_links":{"self":[{"href":"https:\/\/www.kulturkreis-wachtendonk.de\/cms\/wp-json\/wp\/v2\/posts\/7973","targetHints":{"allow":["GET"]}}],"collection":[{"href":"https:\/\/www.kulturkreis-wachtendonk.de\/cms\/wp-json\/wp\/v2\/posts"}],"about":[{"href":"https:\/\/www.kulturkreis-wachtendonk.de\/cms\/wp-json\/wp\/v2\/types\/post"}],"author":[{"embeddable":true,"href":"https:\/\/www.kulturkreis-wachtendonk.de\/cms\/wp-json\/wp\/v2\/users\/4"}],"replies":[{"embeddable":true,"href":"https:\/\/www.kulturkreis-wachtendonk.de\/cms\/wp-json\/wp\/v2\/comments?post=7973"}],"version-history":[{"count":8,"href":"https:\/\/www.kulturkreis-wachtendonk.de\/cms\/wp-json\/wp\/v2\/posts\/7973\/revisions"}],"predecessor-version":[{"id":8174,"href":"https:\/\/www.kulturkreis-wachtendonk.de\/cms\/wp-json\/wp\/v2\/posts\/7973\/revisions\/8174"}],"wp:attachment":[{"href":"https:\/\/www.kulturkreis-wachtendonk.de\/cms\/wp-json\/wp\/v2\/media?parent=7973"}],"wp:term":[{"taxonomy":"category","embeddable":true,"href":"https:\/\/www.kulturkreis-wachtendonk.de\/cms\/wp-json\/wp\/v2\/categories?post=7973"},{"taxonomy":"post_tag","embeddable":true,"href":"https:\/\/www.kulturkreis-wachtendonk.de\/cms\/wp-json\/wp\/v2\/tags?post=7973"}],"curies":[{"name":"wp","href":"https:\/\/api.w.org\/{rel}","templated":true}]}}