{"id":7948,"date":"2019-05-12T15:42:38","date_gmt":"2019-05-12T13:42:38","guid":{"rendered":"https:\/\/www.kulturkreis-wachtendonk.de\/cms\/?p=7948"},"modified":"2019-05-13T10:08:36","modified_gmt":"2019-05-13T08:08:36","slug":"tango-argentino-10","status":"publish","type":"post","link":"https:\/\/www.kulturkreis-wachtendonk.de\/cms\/tango-argentino-10\/","title":{"rendered":"Tango-Argentino"},"content":{"rendered":"<figure id=\"attachment_7949\" aria-describedby=\"caption-attachment-7949\" style=\"width: 190px\" class=\"wp-caption alignleft\"><img decoding=\"async\" class=\"size-thumbnail wp-image-7949\" src=\"https:\/\/www.kulturkreis-wachtendonk.de\/cms\/wp-content\/uploads\/2019\/01\/Tango-DJ-Michael-Wittich-200x200.jpg\" alt=\"\" width=\"200\" height=\"200\" \/><figcaption id=\"caption-attachment-7949\" class=\"wp-caption-text\">Tango-DJ Michael Wittich<\/figcaption><\/figure>\n<p>&nbsp;<\/p>\n<p><strong>Tango-Argentino<br \/>\n<\/strong><\/p>\n<p><strong>Milonga\u00a0 mit\u00a0DJ<\/strong><strong> Michael Wittich<\/strong><\/p>\n<p><strong>Freitag, 10.5.2019,\u00a020 Uhr\u00a0<\/strong><\/p>\n<p><strong>(keine pr\u00e1ctica vorher)<\/strong><\/p>\n<p style=\"text-align: justify;\">\u00a0<\/p>\n<p style=\"text-align: justify;\">\u201eWie sch\u00f6n ist es, Menschen tanzen zu machen\u201c<\/p>\n<p style=\"text-align: justify;\">Michael kam vor etwa 16 Jahren zum Tango Argentino.\u00a0 Durch den Tanz wurde der Kontakt zur Tangomusik innig und leidenschaftlich.\u00a0 2006 er\u00f6ffnete er mit seiner Partnerin das TANGOLUNA in Viersen, ein Ort des Tango f\u00fcr Milongas, Workshops und Festivals.\u00a0 Dort erwarb er die Praxis des Auflegens mit den T\u00e4nzern und f\u00fcr die T\u00e4nzer.\u00a0 In klassischer Struktur mit Tandas und Cortinas und Ausfl\u00fcgen in den Tango Nuevo und den Neotango.\u00a0 Sein Ziel und Motiv bei einer Milonga: den T\u00e4nzerinnen und T\u00e4nzern ein L\u00e4cheln ins Gesicht zu zaubern.<\/p>\n<p><strong>\u201eCasa amarilla\u201c (B\u00fcrgerhaus \u201cAltes Kloster\u201d)<\/strong><\/p>\n","protected":false},"excerpt":{"rendered":"<p>&nbsp; Tango-Argentino Milonga\u00a0 mit\u00a0DJ Michael Wittich Freitag, 10.5.2019,\u00a020 Uhr\u00a0 (keine pr\u00e1ctica vorher) \u00a0 \u201eWie sch\u00f6n ist es, Menschen tanzen zu machen\u201c Michael kam vor etwa 16 Jahren zum Tango Argentino.\u00a0 Durch den Tanz wurde der Kontakt zur Tangomusik innig und leidenschaftlich.\u00a0 2006 er\u00f6ffnete er mit seiner Partnerin das TANGOLUNA in Viersen, ein Ort des Tango &#8230; <\/p>\n<p class=\"read-more-container\"><a title=\"Tango-Argentino\" class=\"read-more button\" href=\"https:\/\/www.kulturkreis-wachtendonk.de\/cms\/tango-argentino-10\/#more-7948\" aria-label=\"Mehr Informationen \u00fcber Tango-Argentino\">Weiterlesen &#8230;<\/a><\/p>\n","protected":false},"author":4,"featured_media":0,"comment_status":"closed","ping_status":"closed","sticky":false,"template":"","format":"standard","meta":{"footnotes":""},"categories":[16],"tags":[],"class_list":["post-7948","post","type-post","status-publish","format-standard","hentry","category-veranstaltungsarchiv"],"_links":{"self":[{"href":"https:\/\/www.kulturkreis-wachtendonk.de\/cms\/wp-json\/wp\/v2\/posts\/7948","targetHints":{"allow":["GET"]}}],"collection":[{"href":"https:\/\/www.kulturkreis-wachtendonk.de\/cms\/wp-json\/wp\/v2\/posts"}],"about":[{"href":"https:\/\/www.kulturkreis-wachtendonk.de\/cms\/wp-json\/wp\/v2\/types\/post"}],"author":[{"embeddable":true,"href":"https:\/\/www.kulturkreis-wachtendonk.de\/cms\/wp-json\/wp\/v2\/users\/4"}],"replies":[{"embeddable":true,"href":"https:\/\/www.kulturkreis-wachtendonk.de\/cms\/wp-json\/wp\/v2\/comments?post=7948"}],"version-history":[{"count":6,"href":"https:\/\/www.kulturkreis-wachtendonk.de\/cms\/wp-json\/wp\/v2\/posts\/7948\/revisions"}],"predecessor-version":[{"id":8895,"href":"https:\/\/www.kulturkreis-wachtendonk.de\/cms\/wp-json\/wp\/v2\/posts\/7948\/revisions\/8895"}],"wp:attachment":[{"href":"https:\/\/www.kulturkreis-wachtendonk.de\/cms\/wp-json\/wp\/v2\/media?parent=7948"}],"wp:term":[{"taxonomy":"category","embeddable":true,"href":"https:\/\/www.kulturkreis-wachtendonk.de\/cms\/wp-json\/wp\/v2\/categories?post=7948"},{"taxonomy":"post_tag","embeddable":true,"href":"https:\/\/www.kulturkreis-wachtendonk.de\/cms\/wp-json\/wp\/v2\/tags?post=7948"}],"curies":[{"name":"wp","href":"https:\/\/api.w.org\/{rel}","templated":true}]}}