{"id":7672,"date":"2019-11-11T08:00:00","date_gmt":"2019-11-11T07:00:00","guid":{"rendered":"https:\/\/www.kulturkreis-wachtendonk.de\/cms\/?p=7672"},"modified":"2019-11-11T09:02:10","modified_gmt":"2019-11-11T08:02:10","slug":"konzert-24","status":"publish","type":"post","link":"https:\/\/www.kulturkreis-wachtendonk.de\/cms\/konzert-24\/","title":{"rendered":"Konzert"},"content":{"rendered":"<figure id=\"attachment_7673\" aria-describedby=\"caption-attachment-7673\" style=\"width: 190px\" class=\"wp-caption alignleft\"><img decoding=\"async\" class=\"size-thumbnail wp-image-7673\" src=\"https:\/\/www.kulturkreis-wachtendonk.de\/cms\/wp-content\/uploads\/2018\/11\/MarionandSobo-18-04-11-477X\u252c\u00aePollert-200x200.jpg\" alt=\"\" width=\"200\" height=\"200\" \/><figcaption id=\"caption-attachment-7673\" class=\"wp-caption-text\">Marion &amp; Sobo Band<\/figcaption><\/figure>\n<p>&nbsp;<\/p>\n<p>&nbsp;<\/p>\n<p><strong>Marion &amp; Sobo Band<\/strong><\/p>\n<p><strong>Samstag, 09.11.2019,\u00a0 20 Uhr<\/strong><\/p>\n<p>&nbsp;<\/p>\n<p style=\"text-align: justify;\" align=\"LEFT\">Die Marion &amp; Sobo Band verbindet Globale Musik und Jazz mit Chanson und erschafft ihren eigenen modernen Stil von vokalem Gypsy Jazz. Das Quintett um die franko-amerikanische S\u00e4ngerin Marion Lenfant-Preus und den polnischen Gitarristen \u201eSobo\u201c (Alexander Sobocinski) macht Musik \u00fcber Schubladen hinweg. Die Musiker erkunden Klangfarben von West- und Ost-Europa, sie nutzen ihre internationale Wurzeln, ihre vielseitigen Reisen und ihren Kontakt zu verschiedenen Kulturen in Deutschland als Grundlage und Quelle der Inspiration f\u00fcr ihre Lieder. Sie feiern Kulturdiversit\u00e4t durch eine eigene Fusion von Musik und Sprachen. Ihre Individualit\u00e4t zeigt Marion &amp; Sobo Band au\u00dferdem durch ihre Besetzung, weil sie einen energetischen und rhythmischen Sound ohne Schlagzeug oder Percussion kreiert, was man heutzutage bei vokalem Gypsy Jazz selten findet. Das Perkussive \u00fcbernehmen die Gypsy Gitarren, die sogenannten Selmer-Macaferi aus den 1930ern. Was die Band besonders macht ist auch die mehrsprachige S\u00e4ngerin, Marion Lenfant-Preus. Sie singt auf Franz\u00f6sisch, Deutsch, Englisch, Spanisch, Albaresch, Portugiesisch, Romanes und Mazedonisch, sie benutzt ihre klare facettenreiche Stimme wie ein Instrument und bezaubert das Publikum mit ihrem\u00a0 provisierten Scat-Gesang.<\/p>\n<p style=\"text-align: justify;\" align=\"LEFT\">Die Bonner Band betrachtet Musik als Sprache, deshalb ist die Interaktion mit den Mitmusikern und auch mit dem Publikum f\u00fcr sie sehr wichtig. Die f\u00fcnf Musiker f\u00fchlen sich auf der B\u00fchne zu Hause. Sie spielen und singen mit viel Charme, Humor, Leichtigkeit und Spielfreude f\u00fcr ein generations\u00fcbergreifendes Publikum. Sie vermischen ausdrucksstarke und lyrische Melodien mit Improvisation, wobei sie ihre musikalische Expressivit\u00e4t stets erweitern. Kein Konzert ist wie das andere und die Marion &amp; Sobo Band entfaltet sich auf der B\u00fchne jedes Mal aufs Neue.<\/p>\n<p style=\"text-align: justify;\" align=\"LEFT\"><span style=\"font-family: Calibri-Bold;\"><b>Besetzung<\/b><\/span><span style=\"font-family: Calibri;\">:<br \/>\n<\/span>Marion Lenfant-Preus: Gesang <br \/>\nAlexander Sobocinski: Gitarre<br \/>\nFrank Brempel: Geige<br \/>\nStefan Rey: Kontrabass<br \/>\nJonas Vogelsang: Gitarre<\/p>\n<p><strong>B\u00fcrgerhaus \u201cAltes Kloster\u201d<\/strong><\/p>\n","protected":false},"excerpt":{"rendered":"<p>&nbsp; &nbsp; Marion &amp; Sobo Band Samstag, 09.11.2019,\u00a0 20 Uhr &nbsp; Die Marion &amp; Sobo Band verbindet Globale Musik und Jazz mit Chanson und erschafft ihren eigenen modernen Stil von vokalem Gypsy Jazz. Das Quintett um die franko-amerikanische S\u00e4ngerin Marion Lenfant-Preus und den polnischen Gitarristen \u201eSobo\u201c (Alexander Sobocinski) macht Musik \u00fcber Schubladen hinweg. Die Musiker &#8230; <\/p>\n<p class=\"read-more-container\"><a title=\"Konzert\" class=\"read-more button\" href=\"https:\/\/www.kulturkreis-wachtendonk.de\/cms\/konzert-24\/#more-7672\" aria-label=\"Mehr Informationen \u00fcber Konzert\">Weiterlesen &#8230;<\/a><\/p>\n","protected":false},"author":4,"featured_media":0,"comment_status":"closed","ping_status":"closed","sticky":false,"template":"","format":"standard","meta":{"footnotes":""},"categories":[16],"tags":[],"class_list":["post-7672","post","type-post","status-publish","format-standard","hentry","category-veranstaltungsarchiv"],"_links":{"self":[{"href":"https:\/\/www.kulturkreis-wachtendonk.de\/cms\/wp-json\/wp\/v2\/posts\/7672","targetHints":{"allow":["GET"]}}],"collection":[{"href":"https:\/\/www.kulturkreis-wachtendonk.de\/cms\/wp-json\/wp\/v2\/posts"}],"about":[{"href":"https:\/\/www.kulturkreis-wachtendonk.de\/cms\/wp-json\/wp\/v2\/types\/post"}],"author":[{"embeddable":true,"href":"https:\/\/www.kulturkreis-wachtendonk.de\/cms\/wp-json\/wp\/v2\/users\/4"}],"replies":[{"embeddable":true,"href":"https:\/\/www.kulturkreis-wachtendonk.de\/cms\/wp-json\/wp\/v2\/comments?post=7672"}],"version-history":[{"count":6,"href":"https:\/\/www.kulturkreis-wachtendonk.de\/cms\/wp-json\/wp\/v2\/posts\/7672\/revisions"}],"predecessor-version":[{"id":11756,"href":"https:\/\/www.kulturkreis-wachtendonk.de\/cms\/wp-json\/wp\/v2\/posts\/7672\/revisions\/11756"}],"wp:attachment":[{"href":"https:\/\/www.kulturkreis-wachtendonk.de\/cms\/wp-json\/wp\/v2\/media?parent=7672"}],"wp:term":[{"taxonomy":"category","embeddable":true,"href":"https:\/\/www.kulturkreis-wachtendonk.de\/cms\/wp-json\/wp\/v2\/categories?post=7672"},{"taxonomy":"post_tag","embeddable":true,"href":"https:\/\/www.kulturkreis-wachtendonk.de\/cms\/wp-json\/wp\/v2\/tags?post=7672"}],"curies":[{"name":"wp","href":"https:\/\/api.w.org\/{rel}","templated":true}]}}