{"id":7657,"date":"2019-09-21T08:00:03","date_gmt":"2019-09-21T06:00:03","guid":{"rendered":"https:\/\/www.kulturkreis-wachtendonk.de\/cms\/?p=7657"},"modified":"2019-09-23T10:07:05","modified_gmt":"2019-09-23T08:07:05","slug":"konzert-23","status":"publish","type":"post","link":"https:\/\/www.kulturkreis-wachtendonk.de\/cms\/konzert-23\/","title":{"rendered":"Konzert"},"content":{"rendered":"<figure id=\"attachment_7658\" aria-describedby=\"caption-attachment-7658\" style=\"width: 190px\" class=\"wp-caption alignleft\"><img decoding=\"async\" class=\"size-thumbnail wp-image-7658\" src=\"https:\/\/www.kulturkreis-wachtendonk.de\/cms\/wp-content\/uploads\/2018\/11\/Lar\u00fan_Pressefoto_2-200x200.jpg\" alt=\"\" width=\"200\" height=\"200\" \/><figcaption id=\"caption-attachment-7658\" class=\"wp-caption-text\">Lar\u00fan<\/figcaption><\/figure>\n<p>&nbsp;<\/p>\n<p><strong>Lar\u00fan<\/strong><\/p>\n<p><strong>Irish Folk<\/strong><\/p>\n<p><strong>Samstag 21.09.2019,\u00a0 20 Uhr<\/strong><\/p>\n<p>&nbsp;<\/p>\n<p style=\"text-align: justify;\">F\u00fcr gro\u00dfe Aufregung in der Irish Folk Szene im In- und Ausland sorgte das Deb\u00fct der Gruppe Lar\u00fan. Kein Wunder, hat die Band ihre Gr\u00fcndung doch bis zur Ver\u00f6ffentlichung der ersten Videoproduktion im Januar 2018 wie ein gro\u00dfes Geheimnis geh\u00fctet. Binnen weniger Tage sprengten die aufwendig produzierten Musikvideos die Zehntausender-Marke. Diese Resonanz mag wenig \u00fcberraschen, schaut man sich die hochkar\u00e4tige Besetzung des Ensembles n\u00e4her an. Die Band mag zurzeit von der Fachpresse als aufregendste Newcomer Band des Jahres gehandelt werden, aber auch die einzelnen Musiker k\u00f6nnen bereits ein beeindruckendes Portfolio vorweisen. Sie entstammen Ensembles wie Trasn\u00fa, Emerald, D\u00e1n, Crosswind oder Texu, was die mediale Aufmerksamkeit erkl\u00e4ren mag.<\/p>\n<p style=\"text-align: justify;\">\u00a0Lar\u00fan ist zudem eine der internationalsten Bands der Szene, die in den letzten Jahren die B\u00fchne betreten haben; und was k\u00f6nnte in Zeiten immer dichter werdender globaler Vernetzungen st\u00e4rker einen, als eine geteilte Leidenschaft \u2013 in diesem Fall die Liebe f\u00fcr eine vielfarbige traditionelle Musik Irlands. Bei Lar\u00fan stehen sechs Musiker aus vier verschiedenen Nationen auf der B\u00fchne \u2013 Frankreich, Spanien, Deutschland und den USA.<\/p>\n<p style=\"text-align: justify;\">\u00a0Lar\u00fan spielt nicht nur irische Musik, \u00a0Lar\u00fan lebt irische Musik! Und so haben sich die meisten Bandmitglieder auch beruflich voll und ganz dieser Musik verschrieben und sind gefragte Dozenten, sowie B\u00fchnen- und Studiomusiker im In- und Ausland.<\/p>\n<p style=\"text-align: justify;\">Welch eine Freude, dieser Band zuzuh\u00f6ren. Selten traf hierzulande technische Perfektion in dieser Form auf musikalisches Verst\u00e4ndnis und packende Rhythmen. Das Sextett beweist Virtuosit\u00e4t auf Fiddle, Flute, Uilleann Pipes, Bodhr\u00e1n, Piano und Gitarre. Dabei ist\u00a0\u00a0Lar\u00fan absolut Festival-tauglich und rei\u00dft das Publikum von der ersten Note an auf die F\u00fc\u00dfe \u2013 energiegeladen, leidenschaftlich, temporeich und tanzbar, ohne dabei jemals gehetzt zu wirken. Komplementiert wird das Sechsergespann durch einen facettenreichen Gesang der den Zuh\u00f6rer in seinen Bann zieht.<\/p>\n<p><strong>B\u00fcrgerhaus \u201cAltes Kloster\u201d<\/strong><\/p>\n","protected":false},"excerpt":{"rendered":"<p>&nbsp; Lar\u00fan Irish Folk Samstag 21.09.2019,\u00a0 20 Uhr &nbsp; F\u00fcr gro\u00dfe Aufregung in der Irish Folk Szene im In- und Ausland sorgte das Deb\u00fct der Gruppe Lar\u00fan. Kein Wunder, hat die Band ihre Gr\u00fcndung doch bis zur Ver\u00f6ffentlichung der ersten Videoproduktion im Januar 2018 wie ein gro\u00dfes Geheimnis geh\u00fctet. Binnen weniger Tage sprengten die aufwendig &#8230; <\/p>\n<p class=\"read-more-container\"><a title=\"Konzert\" class=\"read-more button\" href=\"https:\/\/www.kulturkreis-wachtendonk.de\/cms\/konzert-23\/#more-7657\" aria-label=\"Mehr Informationen \u00fcber Konzert\">Weiterlesen &#8230;<\/a><\/p>\n","protected":false},"author":4,"featured_media":0,"comment_status":"closed","ping_status":"closed","sticky":false,"template":"","format":"standard","meta":{"footnotes":""},"categories":[16],"tags":[],"class_list":["post-7657","post","type-post","status-publish","format-standard","hentry","category-veranstaltungsarchiv"],"_links":{"self":[{"href":"https:\/\/www.kulturkreis-wachtendonk.de\/cms\/wp-json\/wp\/v2\/posts\/7657","targetHints":{"allow":["GET"]}}],"collection":[{"href":"https:\/\/www.kulturkreis-wachtendonk.de\/cms\/wp-json\/wp\/v2\/posts"}],"about":[{"href":"https:\/\/www.kulturkreis-wachtendonk.de\/cms\/wp-json\/wp\/v2\/types\/post"}],"author":[{"embeddable":true,"href":"https:\/\/www.kulturkreis-wachtendonk.de\/cms\/wp-json\/wp\/v2\/users\/4"}],"replies":[{"embeddable":true,"href":"https:\/\/www.kulturkreis-wachtendonk.de\/cms\/wp-json\/wp\/v2\/comments?post=7657"}],"version-history":[{"count":9,"href":"https:\/\/www.kulturkreis-wachtendonk.de\/cms\/wp-json\/wp\/v2\/posts\/7657\/revisions"}],"predecessor-version":[{"id":9470,"href":"https:\/\/www.kulturkreis-wachtendonk.de\/cms\/wp-json\/wp\/v2\/posts\/7657\/revisions\/9470"}],"wp:attachment":[{"href":"https:\/\/www.kulturkreis-wachtendonk.de\/cms\/wp-json\/wp\/v2\/media?parent=7657"}],"wp:term":[{"taxonomy":"category","embeddable":true,"href":"https:\/\/www.kulturkreis-wachtendonk.de\/cms\/wp-json\/wp\/v2\/categories?post=7657"},{"taxonomy":"post_tag","embeddable":true,"href":"https:\/\/www.kulturkreis-wachtendonk.de\/cms\/wp-json\/wp\/v2\/tags?post=7657"}],"curies":[{"name":"wp","href":"https:\/\/api.w.org\/{rel}","templated":true}]}}