{"id":7641,"date":"2019-08-14T17:30:21","date_gmt":"2019-08-14T15:30:21","guid":{"rendered":"https:\/\/www.kulturkreis-wachtendonk.de\/cms\/?p=7641"},"modified":"2019-08-14T17:39:29","modified_gmt":"2019-08-14T15:39:29","slug":"kindertheater-8","status":"publish","type":"post","link":"https:\/\/www.kulturkreis-wachtendonk.de\/cms\/kindertheater-8\/","title":{"rendered":"Kindertheater"},"content":{"rendered":"<p><img decoding=\"async\" class=\"alignleft size-thumbnail wp-image-7642\" src=\"https:\/\/www.kulturkreis-wachtendonk.de\/cms\/wp-content\/uploads\/2018\/11\/Kindertheater-Hans-im-Glueck2-200x200.jpg\" alt=\"\" width=\"200\" height=\"200\" \/><\/p>\n<p>&nbsp;<\/p>\n<p><strong>Theater Tom Teuer <\/strong><br \/>\n<strong>\u201eHans im Gl\u00fcck\u201c<\/strong><\/p>\n<p><strong>Mittwoch, 14.8.2019, 16 Uhr<\/strong><\/p>\n<p>&nbsp;<\/p>\n<p style=\"text-align: justify;\">\nDas Theater Tom Teuer spielt das M\u00e4rchen Hans im Gl\u00fcck, \u00fcber das Besitzen, das Tauschen, das Loslassen und die Liebe zur Mutter, akkordeon-beschwingt.<\/p>\n<p style=\"text-align: justify;\">Im duftenden Stroh trifft Hans einen reitenden Rappen mit seinem rappenden Reiter, einen meckernden Hirten mit seiner st\u00f6rrischen Kuh, den Koch d\u00e8 neue Kuh-sine mit seinem tanzenden Schwein, eine schnatternde Magd mit ihrer singenden Gans und den unsichtbaren Scherenschleifer.<\/p>\n<p style=\"text-align: justify;\">Ein Vergn\u00fcgen f\u00fcr Kinder ab 4 Jahren, in 5 Bildern aus sechs Strohballen, mit einem paar Gummistiefel, zwei Sonnenblumen und einer dreizackigen Mistgabel. (Regie: Kattrin Kupke)<\/p>\n<p style=\"text-align: justify;\">&#8222;HANS im GL\u00dcCK\u201c ist seit der Gr\u00fcndung 1988, die neunte Kindertheaterproduktion des THEATER TOM TEUER.<\/p>\n<p style=\"text-align: justify;\">Tom Teuer zog nach einer Lehre als Dekorationstischler und der Ausbildung am Pantomimestudio Dresden 1986 nach Duisburg. Dort arbeitete er als Tischler, Techniker an einem Tourneetheater und nahm Schauspielunterricht.<\/p>\n<p style=\"text-align: justify;\">Die Produktion wurde durch den Kulturbeirat der Stadt Duisburg gef\u00f6rdert.<\/p>\n<p>(Veranstaltung im Rahmen der Ferienspa\u00dfaktion)<\/p>\n<p><strong>B\u00fcrgerhaus \u201cAltes Kloster\u201d<\/strong><\/p>\n","protected":false},"excerpt":{"rendered":"<p>&nbsp; Theater Tom Teuer \u201eHans im Gl\u00fcck\u201c Mittwoch, 14.8.2019, 16 Uhr &nbsp; Das Theater Tom Teuer spielt das M\u00e4rchen Hans im Gl\u00fcck, \u00fcber das Besitzen, das Tauschen, das Loslassen und die Liebe zur Mutter, akkordeon-beschwingt. Im duftenden Stroh trifft Hans einen reitenden Rappen mit seinem rappenden Reiter, einen meckernden Hirten mit seiner st\u00f6rrischen Kuh, den &#8230; <\/p>\n<p class=\"read-more-container\"><a title=\"Kindertheater\" class=\"read-more button\" href=\"https:\/\/www.kulturkreis-wachtendonk.de\/cms\/kindertheater-8\/#more-7641\" aria-label=\"Mehr Informationen \u00fcber Kindertheater\">Weiterlesen &#8230;<\/a><\/p>\n","protected":false},"author":4,"featured_media":0,"comment_status":"closed","ping_status":"closed","sticky":false,"template":"","format":"standard","meta":{"footnotes":""},"categories":[16],"tags":[],"class_list":["post-7641","post","type-post","status-publish","format-standard","hentry","category-veranstaltungsarchiv"],"_links":{"self":[{"href":"https:\/\/www.kulturkreis-wachtendonk.de\/cms\/wp-json\/wp\/v2\/posts\/7641","targetHints":{"allow":["GET"]}}],"collection":[{"href":"https:\/\/www.kulturkreis-wachtendonk.de\/cms\/wp-json\/wp\/v2\/posts"}],"about":[{"href":"https:\/\/www.kulturkreis-wachtendonk.de\/cms\/wp-json\/wp\/v2\/types\/post"}],"author":[{"embeddable":true,"href":"https:\/\/www.kulturkreis-wachtendonk.de\/cms\/wp-json\/wp\/v2\/users\/4"}],"replies":[{"embeddable":true,"href":"https:\/\/www.kulturkreis-wachtendonk.de\/cms\/wp-json\/wp\/v2\/comments?post=7641"}],"version-history":[{"count":9,"href":"https:\/\/www.kulturkreis-wachtendonk.de\/cms\/wp-json\/wp\/v2\/posts\/7641\/revisions"}],"predecessor-version":[{"id":8363,"href":"https:\/\/www.kulturkreis-wachtendonk.de\/cms\/wp-json\/wp\/v2\/posts\/7641\/revisions\/8363"}],"wp:attachment":[{"href":"https:\/\/www.kulturkreis-wachtendonk.de\/cms\/wp-json\/wp\/v2\/media?parent=7641"}],"wp:term":[{"taxonomy":"category","embeddable":true,"href":"https:\/\/www.kulturkreis-wachtendonk.de\/cms\/wp-json\/wp\/v2\/categories?post=7641"},{"taxonomy":"post_tag","embeddable":true,"href":"https:\/\/www.kulturkreis-wachtendonk.de\/cms\/wp-json\/wp\/v2\/tags?post=7641"}],"curies":[{"name":"wp","href":"https:\/\/api.w.org\/{rel}","templated":true}]}}