{"id":7629,"date":"2019-07-01T09:00:22","date_gmt":"2019-07-01T07:00:22","guid":{"rendered":"https:\/\/www.kulturkreis-wachtendonk.de\/cms\/?p=7629"},"modified":"2019-07-01T10:35:21","modified_gmt":"2019-07-01T08:35:21","slug":"konzert-22","status":"publish","type":"post","link":"https:\/\/www.kulturkreis-wachtendonk.de\/cms\/konzert-22\/","title":{"rendered":"Konzert"},"content":{"rendered":"<figure id=\"attachment_7637\" aria-describedby=\"caption-attachment-7637\" style=\"width: 190px\" class=\"wp-caption alignleft\"><img decoding=\"async\" class=\"size-thumbnail wp-image-7637\" src=\"https:\/\/www.kulturkreis-wachtendonk.de\/cms\/wp-content\/uploads\/2018\/11\/Encuentro-Flamenco-2-kleiner-200x176.png\" alt=\"\" width=\"200\" height=\"176\" \/><figcaption id=\"caption-attachment-7637\" class=\"wp-caption-text\">Encuentro Flamenco<\/figcaption><\/figure>\n<p><span style=\"font-size: 20px;\"><strong><span style=\"color: #ff0000;\">Hinweis: <br \/>\n<\/span><\/strong><\/span><span style=\"font-size: 20px;\"><strong><span style=\"color: #ff0000;\">Diese Veranstaltung wurde abgesagt und wird voraussichtlich 2020 erneut angeboten<\/span><\/strong><\/span><\/p>\n<p><strong>Encuerto Flamenco<\/strong><\/p>\n<p><strong>Samstag 29.06.2019,\u00a0 20 Uhr<\/strong><\/p>\n<p><span style=\"color: #b51700; font-family: EurostileRegular; font-size: 300%;\">\u00a0<\/span><\/p>\n<p style=\"text-align: justify;\" align=\"LEFT\">Die Band Encuentro Flamenco pr\u00e4sentiert ein breit gef\u00e4chertes Pro-gramm\u00a0bedeutsamer wie auch bekannter Stile des Flamenco, verbunden mit Akzenten des heutigen Flamenco-nuevo. Das Ensemble bietet dem Zuschauer einen Einblick in die gef\u00fchlsstarke und faszinierende Welt des Flamenco.<\/p>\n<p style=\"text-align: justify;\">David Rey Delgado (Gitarre) begann im Alter von sieben Jahren Flamencogitarre zu spielen. Sein erster Lehrer war Kenji Nishimura, der in Madrid viele Jahre lang bekannte Flamencogr\u00f6\u00dfen auf der Gitarre begleitete. Ein weiterer wichtiger Lehrer war Eugenio Iglesias aus Sevilla, der ebenfalls \u00fcber gro\u00dfe Erfahrung in der Tanzbegleitung sowie auch im Solospiel verf\u00fcgt. Beide sind f\u00fcr ihn eine gro\u00dfe Inspirationsquelle. Mit der Zeit entwickelte David seinen eigenen, pers\u00f6nlichen Stil beim Spiel der Flamencogitarre, welcher sich durch eine Mischung von traditionellem und modernem Flamenco auszeichnet.<br \/>\nJuan Ruiz Salces (Gesang) ist ein vielseitiger S\u00e4nger, welcher sich bereits in jungen Jahren intensiv mit dem Gesang besch\u00e4ftigte. Nachdem er in seiner spanischen Heimatstadt Zaragoza in diversen Musikprojekten unterschiedlicher Stilrichtungen auf der B\u00fchne stand, erlernte er zun\u00e4chst in Madrid bei Irene Shams die Grundlagen des Jazz Gesanges. In den darauf folgenden zwei Jahren widmete er sich dem Flamencogesang und perfektionierte diesen im ber\u00fchmten \u201eCasa Patas\u201c in Madrid bei Paco del Pozo. Mittlerweile lebt Juan in Bonn und widmet einen gro\u00dfen Teil seines Lebens der Berufung als Flamencos\u00e4nger. Neben dieser T\u00e4tigkeit\u00a0ist er auch in den zahlreichen Flamenco-Tanzschulen sowie als Gesangslehrer aktiv.<br \/>\nSascha Toscano Ruiz (Percussion) ist 1990 in W\u00fcrselen geboren und \u00a0begeisterte sich schon in jungen Jahren f\u00fcr Musik und insbesondere f\u00fcr perkussive\u00a0 Musikinstrumente. Der Musiker mit spanischen und ecuadorianischen Wurzeln konnte sein musikalisches K\u00f6nnen und vor allem sein Rhythmusgef\u00fchl in diversen Projekten mit unterschiedlichem musikalischen Schwerpunkt wie beispielsweise Flamenco, Latin &amp; Salsa sowie Weltmusik unter Beweis stellen. Heute blickt er auf zahlreiche erfolgreich absolvierte Konzerte im In- und Ausland zur\u00fcck. Auf der B\u00fchne spielt Sascha neben dem Caj\u00f3n weitere \u00fcberwiegend perkussive Instrumente und rundet das Flamencoprogramm gekonnt ab.<\/p>\n<p><strong>B\u00fcrgerhaus \u201cAltes Kloster\u201d<\/strong><\/p>\n","protected":false},"excerpt":{"rendered":"<p>Hinweis: Diese Veranstaltung wurde abgesagt und wird voraussichtlich 2020 erneut angeboten Encuerto Flamenco Samstag 29.06.2019,\u00a0 20 Uhr \u00a0 Die Band Encuentro Flamenco pr\u00e4sentiert ein breit gef\u00e4chertes Pro-gramm\u00a0bedeutsamer wie auch bekannter Stile des Flamenco, verbunden mit Akzenten des heutigen Flamenco-nuevo. Das Ensemble bietet dem Zuschauer einen Einblick in die gef\u00fchlsstarke und faszinierende Welt des Flamenco. David &#8230; <\/p>\n<p class=\"read-more-container\"><a title=\"Konzert\" class=\"read-more button\" href=\"https:\/\/www.kulturkreis-wachtendonk.de\/cms\/konzert-22\/#more-7629\" aria-label=\"Mehr Informationen \u00fcber Konzert\">Weiterlesen &#8230;<\/a><\/p>\n","protected":false},"author":4,"featured_media":0,"comment_status":"closed","ping_status":"closed","sticky":false,"template":"","format":"standard","meta":{"footnotes":""},"categories":[16],"tags":[],"class_list":["post-7629","post","type-post","status-publish","format-standard","hentry","category-veranstaltungsarchiv"],"_links":{"self":[{"href":"https:\/\/www.kulturkreis-wachtendonk.de\/cms\/wp-json\/wp\/v2\/posts\/7629","targetHints":{"allow":["GET"]}}],"collection":[{"href":"https:\/\/www.kulturkreis-wachtendonk.de\/cms\/wp-json\/wp\/v2\/posts"}],"about":[{"href":"https:\/\/www.kulturkreis-wachtendonk.de\/cms\/wp-json\/wp\/v2\/types\/post"}],"author":[{"embeddable":true,"href":"https:\/\/www.kulturkreis-wachtendonk.de\/cms\/wp-json\/wp\/v2\/users\/4"}],"replies":[{"embeddable":true,"href":"https:\/\/www.kulturkreis-wachtendonk.de\/cms\/wp-json\/wp\/v2\/comments?post=7629"}],"version-history":[{"count":9,"href":"https:\/\/www.kulturkreis-wachtendonk.de\/cms\/wp-json\/wp\/v2\/posts\/7629\/revisions"}],"predecessor-version":[{"id":9472,"href":"https:\/\/www.kulturkreis-wachtendonk.de\/cms\/wp-json\/wp\/v2\/posts\/7629\/revisions\/9472"}],"wp:attachment":[{"href":"https:\/\/www.kulturkreis-wachtendonk.de\/cms\/wp-json\/wp\/v2\/media?parent=7629"}],"wp:term":[{"taxonomy":"category","embeddable":true,"href":"https:\/\/www.kulturkreis-wachtendonk.de\/cms\/wp-json\/wp\/v2\/categories?post=7629"},{"taxonomy":"post_tag","embeddable":true,"href":"https:\/\/www.kulturkreis-wachtendonk.de\/cms\/wp-json\/wp\/v2\/tags?post=7629"}],"curies":[{"name":"wp","href":"https:\/\/api.w.org\/{rel}","templated":true}]}}