{"id":7574,"date":"2019-04-29T09:02:22","date_gmt":"2019-04-29T07:02:22","guid":{"rendered":"https:\/\/www.kulturkreis-wachtendonk.de\/cms\/?p=7574"},"modified":"2019-04-29T09:05:55","modified_gmt":"2019-04-29T07:05:55","slug":"6-wachtendonker-musikwochenende-2-tag-2","status":"publish","type":"post","link":"https:\/\/www.kulturkreis-wachtendonk.de\/cms\/6-wachtendonker-musikwochenende-2-tag-2\/","title":{"rendered":"6. Wachtendonker Musikwochenende 2. Tag"},"content":{"rendered":"<p><figure id=\"attachment_7575\" aria-describedby=\"caption-attachment-7575\" style=\"width: 190px\" class=\"wp-caption alignleft\"><img decoding=\"async\" class=\"size-thumbnail wp-image-7575\" src=\"https:\/\/www.kulturkreis-wachtendonk.de\/cms\/wp-content\/uploads\/2018\/11\/CrawfordPalm100gro\u00df-200x200.jpg\" alt=\"\" width=\"200\" height=\"200\" \/><figcaption id=\"caption-attachment-7575\" class=\"wp-caption-text\">Steve Crawford &amp; Sabrina Palm<\/figcaption><\/figure> <figure id=\"attachment_7576\" aria-describedby=\"caption-attachment-7576\" style=\"width: 190px\" class=\"wp-caption alignleft\"><img decoding=\"async\" class=\"size-thumbnail wp-image-7576\" src=\"https:\/\/www.kulturkreis-wachtendonk.de\/cms\/wp-content\/uploads\/2018\/11\/Pressephoto-AN-ERMINIG_2015_1-200x200.jpg\" alt=\"\" width=\"200\" height=\"200\" \/><figcaption id=\"caption-attachment-7576\" class=\"wp-caption-text\">An Erminig<\/figcaption><\/figure><\/p>\n<p>&nbsp;<\/p>\n<p><strong>2. Tag<\/strong><\/p>\n<p><strong>Samstag, 27.4.2019, 19.30 Uhr<\/strong><\/p>\n<p>&nbsp;<\/p>\n<p><strong>Steve Crawford &amp; Sabrina Palm<\/strong><\/p>\n<p><strong> An Erminig<\/strong><\/p>\n<p align=\"LEFT\">\u00a0<\/p>\n<p align=\"LEFT\">\u00a0<\/p>\n<p style=\"text-align: justify;\" align=\"LEFT\"><strong>Steve Crawford &amp; Sabrina Palm:\u00a0<\/strong>Fresh Folk from Scotland<br \/>\nSteve Craword ist S\u00e4nger und Gitarrist aus Aberdeen, Schottland. Mit seinen Bands wie Catford und Ballad of Crows, sowie im Duo mit dem Mundharmonikaspieler Spider MacKenzie ist er schon durch ganz Europa und dar\u00fcber hinaus getourt. Gemeinsam mit der Bonner Fiddlerin Sabrina Palm pr\u00e4sentiert der junge Schotte nun Musik aus seiner Heimat. Mit seiner einf\u00fchlsamen Stimme entf\u00fchrt er die Zuh\u00f6rer in die Weiten des schottischen Hochlands. Es geht in den Liedern um Liebe und Tod, die See und die Berge. Bei fetzigen Jigs, Reels und Strathspeys begeistert Sabrina Palm auf ihrer Fiddle das Publikum. Da bleibt kein Fu\u00df ruhig. Die Bonnerin spielt seit ihrer Jugend keltische Musik, tourt u.a. mit der Band Whisht! und hat als erste Deutsche die Pr\u00fcfung zum Lehrer f\u00fcr traditionelle Musik in Dublin bestanden. Steve Crawford und Sabrina Palm erg\u00e4nzen sich so perfekt wie die verschiedenen Geschmacksnuancen eines guten schottischen Whiskys. Eine gute Grundlage f\u00fcr einen sch\u00f6nen Abend.<\/p>\n<p style=\"text-align: justify;\"><strong>An Erminig:<\/strong> musique celtique de Bretagne <br \/>\nBerichte von au\u00dfergew\u00f6hnlichen Ereignissen und Personen waren schon in fr\u00fcheren Zeiten willkommene Abwechslungen im oft harten und eint\u00f6nigen Leben der Menschen auf dem Lande und in der Stadt. Lange bevor es Zeitungen und andere Medien gab, wurden Nachrichten, die \u00fcber Skurriles, Erheiterndes oder Trauriges berichteten, von fahrenden S\u00e4ngern und Musikanten von Ort zu Ort getragen. Diese Art der Informationsverbreitung war auch fr\u00fcher in der Bretagne \u00fcblich. Das Programm\u00a0der Band\u00a0greift diese Tradition auf und erz\u00e4hlt in (Tanz-)Liedern und Balladen heitere, bewegende, aber auch traurige Begebenheiten aus dem t\u00e4glichen Leben der bretonischen Landbev\u00f6lkerung. An Erminig\u00a0bietet einen abwechslungsreichen Einblick in das Leben fr\u00fcherer Zeiten, wobei auch gelegentlich auf das Hier und Jetzt Bezug genommen wird.<br \/>\nDie Band:<br \/>\nBarbara Gerdes\u00a0\u00a0\u00a0\u00a0\u00a0\u00a0\u00a0\u00a0\u00a0\u00a0\u00a0 keltische Harfe, Bombarden, Fl\u00f6ten<br \/>\nAndreas Derow\u00a0\u00a0\u00a0\u00a0\u00a0\u00a0\u00a0\u00a0\u00a0\u00a0\u00a0 Gesang, schottischer und galicischer Dudelsack, Geige, <br \/>\n\u00a0\u00a0\u00a0\u00a0\u00a0\u00a0\u00a0\u00a0\u00a0\u00a0\u00a0\u00a0\u00a0\u00a0\u00a0\u00a0\u00a0\u00a0\u00a0\u00a0\u00a0\u00a0\u00a0\u00a0\u00a0\u00a0\u00a0\u00a0\u00a0\u00a0\u00a0\u00a0\u00a0\u00a0\u00a0\u00a0\u00a0\u00a0\u00a0 Akkordeons,\u00a0 Drehleier<br \/>\nHans Martin Derow\u00a0\u00a0\u00a0 Gitarre, irische Bouzouky, Akkordeon, Gesang<\/p>\n<p><strong>B\u00fcrgerhaus \u201cAltes Kloster\u201d<\/strong><\/p>\n","protected":false},"excerpt":{"rendered":"<p>&nbsp; 2. Tag Samstag, 27.4.2019, 19.30 Uhr &nbsp; Steve Crawford &amp; Sabrina Palm An Erminig \u00a0 \u00a0 Steve Crawford &amp; Sabrina Palm:\u00a0Fresh Folk from Scotland Steve Craword ist S\u00e4nger und Gitarrist aus Aberdeen, Schottland. Mit seinen Bands wie Catford und Ballad of Crows, sowie im Duo mit dem Mundharmonikaspieler Spider MacKenzie ist er schon durch &#8230; <\/p>\n<p class=\"read-more-container\"><a title=\"6. Wachtendonker Musikwochenende 2. Tag\" class=\"read-more button\" href=\"https:\/\/www.kulturkreis-wachtendonk.de\/cms\/6-wachtendonker-musikwochenende-2-tag-2\/#more-7574\" aria-label=\"Mehr Informationen \u00fcber 6. Wachtendonker Musikwochenende 2. Tag\">Weiterlesen &#8230;<\/a><\/p>\n","protected":false},"author":4,"featured_media":0,"comment_status":"closed","ping_status":"closed","sticky":false,"template":"","format":"standard","meta":{"footnotes":""},"categories":[16],"tags":[],"class_list":["post-7574","post","type-post","status-publish","format-standard","hentry","category-veranstaltungsarchiv"],"_links":{"self":[{"href":"https:\/\/www.kulturkreis-wachtendonk.de\/cms\/wp-json\/wp\/v2\/posts\/7574","targetHints":{"allow":["GET"]}}],"collection":[{"href":"https:\/\/www.kulturkreis-wachtendonk.de\/cms\/wp-json\/wp\/v2\/posts"}],"about":[{"href":"https:\/\/www.kulturkreis-wachtendonk.de\/cms\/wp-json\/wp\/v2\/types\/post"}],"author":[{"embeddable":true,"href":"https:\/\/www.kulturkreis-wachtendonk.de\/cms\/wp-json\/wp\/v2\/users\/4"}],"replies":[{"embeddable":true,"href":"https:\/\/www.kulturkreis-wachtendonk.de\/cms\/wp-json\/wp\/v2\/comments?post=7574"}],"version-history":[{"count":11,"href":"https:\/\/www.kulturkreis-wachtendonk.de\/cms\/wp-json\/wp\/v2\/posts\/7574\/revisions"}],"predecessor-version":[{"id":8145,"href":"https:\/\/www.kulturkreis-wachtendonk.de\/cms\/wp-json\/wp\/v2\/posts\/7574\/revisions\/8145"}],"wp:attachment":[{"href":"https:\/\/www.kulturkreis-wachtendonk.de\/cms\/wp-json\/wp\/v2\/media?parent=7574"}],"wp:term":[{"taxonomy":"category","embeddable":true,"href":"https:\/\/www.kulturkreis-wachtendonk.de\/cms\/wp-json\/wp\/v2\/categories?post=7574"},{"taxonomy":"post_tag","embeddable":true,"href":"https:\/\/www.kulturkreis-wachtendonk.de\/cms\/wp-json\/wp\/v2\/tags?post=7574"}],"curies":[{"name":"wp","href":"https:\/\/api.w.org\/{rel}","templated":true}]}}