{"id":7557,"date":"2019-03-17T12:25:31","date_gmt":"2019-03-17T11:25:31","guid":{"rendered":"https:\/\/www.kulturkreis-wachtendonk.de\/cms\/?p=7557"},"modified":"2019-03-18T09:17:46","modified_gmt":"2019-03-18T08:17:46","slug":"konzert-21","status":"publish","type":"post","link":"https:\/\/www.kulturkreis-wachtendonk.de\/cms\/konzert-21\/","title":{"rendered":"Konzert"},"content":{"rendered":"<figure id=\"attachment_7558\" aria-describedby=\"caption-attachment-7558\" style=\"width: 190px\" class=\"wp-caption alignleft\"><img decoding=\"async\" class=\"size-thumbnail wp-image-7558\" src=\"https:\/\/www.kulturkreis-wachtendonk.de\/cms\/wp-content\/uploads\/2018\/11\/Ellington-Trio-1_von-Thomas-Biesenbach-200x200.jpg\" alt=\"\" width=\"200\" height=\"200\" \/><figcaption id=\"caption-attachment-7558\" class=\"wp-caption-text\">Ellington &#8211; Trio<br \/>\nFoto: Thomas Biesenbach<\/figcaption><\/figure>\n<p>&nbsp;<\/p>\n<p><strong>Ellington &#8211; Trio<\/strong><\/p>\n<p><strong>Jazz Swing<\/strong><\/p>\n<p><strong>Freitag, 15.3.2019,\u00a0 20 Uhr<\/strong><\/p>\n<p>&nbsp;<\/p>\n<p style=\"text-align: justify;\">Das Ellington Trio interpretiert St\u00fccke des bekannten Komponisten und Pianisten und Big Band Leiters Duke Ellington. Dieser geh\u00f6rt zu den Klassikern des Jazz und <span style=\"color: #232323; font-family: HelveticaNeue; font-size: large;\">zum Inbegri<\/span><span style=\"color: #232323; font-family: HelveticaNeue; font-size: large;\">ff <\/span><span style=\"color: #232323; font-family: HelveticaNeue; font-size: large;\">des tanzbaren Jazz der 20er, 30er und 40er <\/span>Jahre. Seine Kompositionen versetzen bis heute den Zuh\u00f6rer in eine ganz besondere &#8211; mal swingende, mal sentimentale &#8211; Stimmung und entfalten ihre Wirkung in gro\u00dfer Big Band Besetzung ebenso wie in kleinen Formationen. <span style=\"color: #232323; font-family: HelveticaNeue; font-size: large;\">Dies stellen auch die drei Musiker des\u00a0Ellington Trios<\/span><span style=\"color: #ff4113; font-family: HelveticaNeue; font-size: large;\">\u00a0<\/span><span style=\"color: #232323; font-family: HelveticaNeue; font-size: large;\">in <\/span>ihrem Programm unter Beweis. Sie interpretieren originell und zugleich traditionsbewusst Ellingtons Melodien, aus denen Jazzgeschichte wurde. Dabei verleihen sie ihnen mit ihrer kammermusikalisch anmutenden Besetzung eine ganz eigene Note.<\/p>\n<p style=\"text-align: justify;\" align=\"LEFT\">Barbara Barth &#8230;schloss erfolgreich ein Studium im Fach Jazzgesang an der Folkwang Universit\u00e4t der K\u00fcnste in Essen ab. Dabei entwickelte sie eine besondere Wandlungsf\u00e4higkeit und bewegt sich mit ihrem pers\u00f6nlichen Ausdruck sowohl im traditionellen als auch <span style=\"font-family: georgia,palatino,serif;\">im <\/span><span style=\"color: #232323; font-family: HelveticaNeue;\"><span style=\"font-family: georgia,palatino,serif;\">modernen Gesang sicher und einfallsreich<\/span>. <\/span> Mit ihren Projekten unterh\u00e4lt sie eine rege Konzertt\u00e4tigkeit in ganz Deutschland und ist zudem immer wieder ein gern gesehener Gast anderer Formationen. Barbara Barth unterrichtet Jazzgesang an der Hochschule f\u00fcr Musik Saar.<\/p>\n<p style=\"text-align: justify;\" align=\"LEFT\">Caspar van Meel &#8230;absolvierte ein Jazz-Studium an der Folkwang Universit\u00e4t der K\u00fcnste in Essen bei John Goldsby. Van Meel kann als Leader und Komponist seines eigenen Quintetts ebenso nennenswerte Erfolge verzeichnen, wie als Sideman verschiedener Formationen.\u00a0 Neben der WDR-Bigband f\u00fchrten ihn seine bisherigen musikalischen Reisen mit namhaften Gr\u00f6\u00dfen der Europ\u00e4ischen Jazz-Szene zusammen.<\/p>\n<p style=\"text-align: justify;\" align=\"LEFT\">Gero K\u00f6rner \u2026 erlangte seine Ausbildung zum Jazz-Pianisten an der Hochschule f\u00fcr Musik und Tanz, K\u00f6ln, und bekam gleichzeitig eine klassische Klavierausbildung bei Prof. Valeri Minenkov. Er gewann Preise bei Jugend Musiziert und\u00a0 Jugend Jazzt.\u00a0 Im \u201eGero Koerner Trio\u201c besch\u00e4ftigt er sich virtuos mit der hohen Kunst des Klaviertrios im Jazz und bedient sich dabei eigenen Arrangements von Pop-Hits der letzten 40 Jahre.\u00a0 Er ist au\u00dferdem ein gefragter Sideman und Gast-Solist f\u00fcr renommierte K\u00fcnstler aller musikalischen Disziplinen. Seit 2010 ist er Lehrbeauftragter f\u00fcr Klavier an der Folkwang Universit\u00e4t der K\u00fcnste, Essen.<\/p>\n<p><strong>B\u00fcrgerhaus \u201cAltes Kloster\u201d<\/strong><\/p>\n","protected":false},"excerpt":{"rendered":"<p>&nbsp; Ellington &#8211; Trio Jazz Swing Freitag, 15.3.2019,\u00a0 20 Uhr &nbsp; Das Ellington Trio interpretiert St\u00fccke des bekannten Komponisten und Pianisten und Big Band Leiters Duke Ellington. Dieser geh\u00f6rt zu den Klassikern des Jazz und zum Inbegriff des tanzbaren Jazz der 20er, 30er und 40er Jahre. Seine Kompositionen versetzen bis heute den Zuh\u00f6rer in eine &#8230; <\/p>\n<p class=\"read-more-container\"><a title=\"Konzert\" class=\"read-more button\" href=\"https:\/\/www.kulturkreis-wachtendonk.de\/cms\/konzert-21\/#more-7557\" aria-label=\"Mehr Informationen \u00fcber Konzert\">Weiterlesen &#8230;<\/a><\/p>\n","protected":false},"author":4,"featured_media":0,"comment_status":"closed","ping_status":"closed","sticky":false,"template":"","format":"standard","meta":{"footnotes":""},"categories":[16],"tags":[],"class_list":["post-7557","post","type-post","status-publish","format-standard","hentry","category-veranstaltungsarchiv"],"_links":{"self":[{"href":"https:\/\/www.kulturkreis-wachtendonk.de\/cms\/wp-json\/wp\/v2\/posts\/7557","targetHints":{"allow":["GET"]}}],"collection":[{"href":"https:\/\/www.kulturkreis-wachtendonk.de\/cms\/wp-json\/wp\/v2\/posts"}],"about":[{"href":"https:\/\/www.kulturkreis-wachtendonk.de\/cms\/wp-json\/wp\/v2\/types\/post"}],"author":[{"embeddable":true,"href":"https:\/\/www.kulturkreis-wachtendonk.de\/cms\/wp-json\/wp\/v2\/users\/4"}],"replies":[{"embeddable":true,"href":"https:\/\/www.kulturkreis-wachtendonk.de\/cms\/wp-json\/wp\/v2\/comments?post=7557"}],"version-history":[{"count":9,"href":"https:\/\/www.kulturkreis-wachtendonk.de\/cms\/wp-json\/wp\/v2\/posts\/7557\/revisions"}],"predecessor-version":[{"id":9473,"href":"https:\/\/www.kulturkreis-wachtendonk.de\/cms\/wp-json\/wp\/v2\/posts\/7557\/revisions\/9473"}],"wp:attachment":[{"href":"https:\/\/www.kulturkreis-wachtendonk.de\/cms\/wp-json\/wp\/v2\/media?parent=7557"}],"wp:term":[{"taxonomy":"category","embeddable":true,"href":"https:\/\/www.kulturkreis-wachtendonk.de\/cms\/wp-json\/wp\/v2\/categories?post=7557"},{"taxonomy":"post_tag","embeddable":true,"href":"https:\/\/www.kulturkreis-wachtendonk.de\/cms\/wp-json\/wp\/v2\/tags?post=7557"}],"curies":[{"name":"wp","href":"https:\/\/api.w.org\/{rel}","templated":true}]}}