{"id":7550,"date":"2019-02-09T12:24:29","date_gmt":"2019-02-09T11:24:29","guid":{"rendered":"https:\/\/www.kulturkreis-wachtendonk.de\/cms\/?p=7550"},"modified":"2019-02-12T09:23:20","modified_gmt":"2019-02-12T08:23:20","slug":"comedy-2","status":"publish","type":"post","link":"https:\/\/www.kulturkreis-wachtendonk.de\/cms\/comedy-2\/","title":{"rendered":"Comedy"},"content":{"rendered":"<figure id=\"attachment_7928\" aria-describedby=\"caption-attachment-7928\" style=\"width: 190px\" class=\"wp-caption alignleft\"><img fetchpriority=\"high\" decoding=\"async\" class=\"wp-image-7928\" src=\"https:\/\/www.kulturkreis-wachtendonk.de\/cms\/wp-content\/uploads\/2018\/11\/Pressefoto-Ingolf-Lueck-neu-240x300.jpg\" alt=\"\" width=\"200\" height=\"250\" srcset=\"https:\/\/www.kulturkreis-wachtendonk.de\/cms\/wp-content\/uploads\/2018\/11\/Pressefoto-Ingolf-Lueck-neu-240x300.jpg 240w, https:\/\/www.kulturkreis-wachtendonk.de\/cms\/wp-content\/uploads\/2018\/11\/Pressefoto-Ingolf-Lueck-neu.jpg 706w\" sizes=\"(max-width: 200px) 100vw, 200px\" \/><figcaption id=\"caption-attachment-7928\" class=\"wp-caption-text\">Ingolf Lueck<\/figcaption><\/figure>\n<p><span style=\"color: #ff0000;\"><strong>DIE VERANSTALTUNG IST AUSVERKAUFT !<\/strong><\/span><\/p>\n<p>&nbsp;<\/p>\n<p><strong>Ingolf L\u00fcck<\/strong><\/p>\n<p><strong>\u201eSehr erfreut! Die Comedy-Tour 2019\u201c<\/strong><\/p>\n<p><strong>Freitag, 8.2.2019,\u00a020 Uhr<\/strong><\/p>\n<p>&nbsp;<\/p>\n<p style=\"text-align: justify;\" align=\"LEFT\">Es ist schon nicht einfach: Kaum f\u00fchlt man sich innerlich dem Bobby Car entstiegen, ist da \u00fcberall diese Verantwortung. Alles ist nur noch \u00f6kologisch, alle sind fit und st\u00e4ndig soll man im Einklang mit sich selbst sein, auf dass der eigene Darm noch charmanter werde. Was f\u00fcr eine Aussicht f\u00fcr jemanden, der gerade 60 geworden ist und sich eigentlich nichts Anderes w\u00fcnscht, als endlich in der Stra\u00dfenbahn auch mal einen Platz angeboten zu bekommen? Vier Jahre nach \u201eAch L\u00fcck mich doch\u201c steht Ingolf L\u00fcck mit seinem neuen Programm \u201eSehr erfreut! Die Comedy-Tour 2019\u201c wieder auf den Kabarett-und Comedyb\u00fchnen des Landes.<\/p>\n<p style=\"text-align: justify;\" align=\"LEFT\">Und diesmal wird ausgeteilt! Charmant, aber direkt seziert er eine Welt, die sich so schnell dreht, dass es sich manchmal lohnt, einfach stehen zu bleiben, sich umzuschauen und auf die n\u00e4chste Bahn zu warten. Dabei widmet er sich den gro\u00dfen wie auch den nicht ganz so dr\u00e4ngenden Fragen dieser Zeit. Warum muss Bio immer so klingen, als ob man daf\u00fcr erst mit dem Kiffen anfangen muss? Wieso gibt es am Ende von Rolltreppen keine Fallt\u00fcren? Und wie soll man sich verhalten, wenn man ein 50-Cent-St\u00fcck im D\u00f6ner findet oder die eigene Tochter pl\u00f6tzlich den Veith mitbringt?<\/p>\n<p><strong>B\u00fcrgerhaus \u201cAltes Kloster\u201d<\/strong><\/p>\n","protected":false},"excerpt":{"rendered":"<p>DIE VERANSTALTUNG IST AUSVERKAUFT ! &nbsp; Ingolf L\u00fcck \u201eSehr erfreut! Die Comedy-Tour 2019\u201c Freitag, 8.2.2019,\u00a020 Uhr &nbsp; Es ist schon nicht einfach: Kaum f\u00fchlt man sich innerlich dem Bobby Car entstiegen, ist da \u00fcberall diese Verantwortung. Alles ist nur noch \u00f6kologisch, alle sind fit und st\u00e4ndig soll man im Einklang mit sich selbst sein, auf &#8230; <\/p>\n<p class=\"read-more-container\"><a title=\"Comedy\" class=\"read-more button\" href=\"https:\/\/www.kulturkreis-wachtendonk.de\/cms\/comedy-2\/#more-7550\" aria-label=\"Mehr Informationen \u00fcber Comedy\">Weiterlesen &#8230;<\/a><\/p>\n","protected":false},"author":4,"featured_media":0,"comment_status":"closed","ping_status":"closed","sticky":false,"template":"","format":"standard","meta":{"footnotes":""},"categories":[16],"tags":[],"class_list":["post-7550","post","type-post","status-publish","format-standard","hentry","category-veranstaltungsarchiv"],"_links":{"self":[{"href":"https:\/\/www.kulturkreis-wachtendonk.de\/cms\/wp-json\/wp\/v2\/posts\/7550","targetHints":{"allow":["GET"]}}],"collection":[{"href":"https:\/\/www.kulturkreis-wachtendonk.de\/cms\/wp-json\/wp\/v2\/posts"}],"about":[{"href":"https:\/\/www.kulturkreis-wachtendonk.de\/cms\/wp-json\/wp\/v2\/types\/post"}],"author":[{"embeddable":true,"href":"https:\/\/www.kulturkreis-wachtendonk.de\/cms\/wp-json\/wp\/v2\/users\/4"}],"replies":[{"embeddable":true,"href":"https:\/\/www.kulturkreis-wachtendonk.de\/cms\/wp-json\/wp\/v2\/comments?post=7550"}],"version-history":[{"count":10,"href":"https:\/\/www.kulturkreis-wachtendonk.de\/cms\/wp-json\/wp\/v2\/posts\/7550\/revisions"}],"predecessor-version":[{"id":8039,"href":"https:\/\/www.kulturkreis-wachtendonk.de\/cms\/wp-json\/wp\/v2\/posts\/7550\/revisions\/8039"}],"wp:attachment":[{"href":"https:\/\/www.kulturkreis-wachtendonk.de\/cms\/wp-json\/wp\/v2\/media?parent=7550"}],"wp:term":[{"taxonomy":"category","embeddable":true,"href":"https:\/\/www.kulturkreis-wachtendonk.de\/cms\/wp-json\/wp\/v2\/categories?post=7550"},{"taxonomy":"post_tag","embeddable":true,"href":"https:\/\/www.kulturkreis-wachtendonk.de\/cms\/wp-json\/wp\/v2\/tags?post=7550"}],"curies":[{"name":"wp","href":"https:\/\/api.w.org\/{rel}","templated":true}]}}