{"id":7543,"date":"2019-01-03T11:00:21","date_gmt":"2019-01-03T10:00:21","guid":{"rendered":"https:\/\/www.kulturkreis-wachtendonk.de\/cms\/?p=7543"},"modified":"2019-01-03T13:55:07","modified_gmt":"2019-01-03T12:55:07","slug":"konzert-am-neujahrstag-orgel-floete","status":"publish","type":"post","link":"https:\/\/www.kulturkreis-wachtendonk.de\/cms\/konzert-am-neujahrstag-orgel-floete\/","title":{"rendered":"Konzert am Neujahrstag: Orgel &#038; Fl\u00f6te"},"content":{"rendered":"<div class=\"mceTemp\">\u00a0<\/div>\n<figure id=\"attachment_7544\" aria-describedby=\"caption-attachment-7544\" style=\"width: 190px\" class=\"wp-caption alignleft\"><img decoding=\"async\" class=\"size-thumbnail wp-image-7544\" src=\"https:\/\/www.kulturkreis-wachtendonk.de\/cms\/wp-content\/uploads\/2018\/11\/SchumannLeenders-Foto-Christine-Moraal-2019-wird-eine-andere-Floete-verwendet-200x200.jpg\" alt=\"\" width=\"200\" height=\"200\" \/><figcaption id=\"caption-attachment-7544\" class=\"wp-caption-text\">R. Schumann &amp; H. Leenders<br \/>\nFoto: Christine Moraal<\/figcaption><\/figure>\n<p>&nbsp;<\/p>\n<p><strong>Neujahrs-Konzert in \u201eSt. Michael\u201c<\/strong><\/p>\n<p><strong>Hans Leenders -Orgel-\u00a0<\/strong><br \/>\n<strong>\u00a0\u00a0\u00a0\u00a0\u00a0\u00a0\u00a0\u00a0\u00a0\u00a0\u00a0\u00a0\u00a0\u00a0\u00a0\u00a0\u00a0\u00a0\u00a0\u00a0\u00a0\u00a0 &amp;<\/strong><br \/>\n<strong>Ricarda Schumann -Fl\u00f6te-<\/strong><\/p>\n<p><strong>Dienstag, 1.1.2019,\u00a017 Uhr<\/strong><\/p>\n<p>&nbsp;<\/p>\n<p style=\"text-align: justify;\">\n&#8222;Alt und Neu&#8220; &#8211; unter diesem Motto steht das Neujahrskonzert mit dem Organisten Hans Leenders und der Fl\u00f6tistin Ricarda Schumann. &#8222;Alt und Neu&#8220; (&#8222;oud en nieuw&#8220;), bezeichnet im Niederl\u00e4ndischen den \u00dcbergang vom alten zum neuen Jahr. Was k\u00f6nnte also passender sein, als an diesem Neujahrstag ein Programm mit alter und neuer Musik zu gestalten? Johann Joachim Quantz und Carl Philipp Emanuel Bach repr\u00e4sentieren den &#8222;alten&#8220; Teil des Konzertes, Musik aus dem 18. Jahrhundert also. Demgegen\u00fcber stehen Kompositionen von Jurriaan Andriessen, Francis Poulenc und Eigenkompositionen von Ricarda Schumann und Hans Leenders.<\/p>\n<p style=\"text-align: justify;\">Hans Leenders ist Kantor und Organist der Liebfrauenbasilika in Maastricht, Orgeldozent am Maastrichter Konservatorium und Dirigent bekannter Ch\u00f6re. Auch als Komponist hat er sich einen Namen gemacht. <br \/>\nDie Fl\u00f6tistin Ricarda Schumann (geb\u00fcrtige Wachtendonkerin) ist au\u00dfer ihrer regen Konzertt\u00e4tigkeit, u.a. mit dem Ensemble Capella Aquisgrana, auch in der Aachener Theaterszene aktiv. Sie komponierte und produzierte Musik zu zahlreichen Theaterst\u00fccken.<\/p>\n<p><strong>St. Michael Kirche, Wachtendonk<\/strong><\/p>\n","protected":false},"excerpt":{"rendered":"<p>\u00a0 &nbsp; Neujahrs-Konzert in \u201eSt. Michael\u201c Hans Leenders -Orgel-\u00a0 \u00a0\u00a0\u00a0\u00a0\u00a0\u00a0\u00a0\u00a0\u00a0\u00a0\u00a0\u00a0\u00a0\u00a0\u00a0\u00a0\u00a0\u00a0\u00a0\u00a0\u00a0\u00a0 &amp; Ricarda Schumann -Fl\u00f6te- Dienstag, 1.1.2019,\u00a017 Uhr &nbsp; &#8222;Alt und Neu&#8220; &#8211; unter diesem Motto steht das Neujahrskonzert mit dem Organisten Hans Leenders und der Fl\u00f6tistin Ricarda Schumann. &#8222;Alt und Neu&#8220; (&#8222;oud en nieuw&#8220;), bezeichnet im Niederl\u00e4ndischen den \u00dcbergang vom alten zum neuen Jahr. Was &#8230; <\/p>\n<p class=\"read-more-container\"><a title=\"Konzert am Neujahrstag: Orgel &#038; Fl\u00f6te\" class=\"read-more button\" href=\"https:\/\/www.kulturkreis-wachtendonk.de\/cms\/konzert-am-neujahrstag-orgel-floete\/#more-7543\" aria-label=\"Mehr Informationen \u00fcber Konzert am Neujahrstag: Orgel &#038; Fl\u00f6te\">Weiterlesen &#8230;<\/a><\/p>\n","protected":false},"author":4,"featured_media":0,"comment_status":"closed","ping_status":"closed","sticky":false,"template":"","format":"standard","meta":{"footnotes":""},"categories":[16],"tags":[],"class_list":["post-7543","post","type-post","status-publish","format-standard","hentry","category-veranstaltungsarchiv"],"_links":{"self":[{"href":"https:\/\/www.kulturkreis-wachtendonk.de\/cms\/wp-json\/wp\/v2\/posts\/7543","targetHints":{"allow":["GET"]}}],"collection":[{"href":"https:\/\/www.kulturkreis-wachtendonk.de\/cms\/wp-json\/wp\/v2\/posts"}],"about":[{"href":"https:\/\/www.kulturkreis-wachtendonk.de\/cms\/wp-json\/wp\/v2\/types\/post"}],"author":[{"embeddable":true,"href":"https:\/\/www.kulturkreis-wachtendonk.de\/cms\/wp-json\/wp\/v2\/users\/4"}],"replies":[{"embeddable":true,"href":"https:\/\/www.kulturkreis-wachtendonk.de\/cms\/wp-json\/wp\/v2\/comments?post=7543"}],"version-history":[{"count":9,"href":"https:\/\/www.kulturkreis-wachtendonk.de\/cms\/wp-json\/wp\/v2\/posts\/7543\/revisions"}],"predecessor-version":[{"id":7782,"href":"https:\/\/www.kulturkreis-wachtendonk.de\/cms\/wp-json\/wp\/v2\/posts\/7543\/revisions\/7782"}],"wp:attachment":[{"href":"https:\/\/www.kulturkreis-wachtendonk.de\/cms\/wp-json\/wp\/v2\/media?parent=7543"}],"wp:term":[{"taxonomy":"category","embeddable":true,"href":"https:\/\/www.kulturkreis-wachtendonk.de\/cms\/wp-json\/wp\/v2\/categories?post=7543"},{"taxonomy":"post_tag","embeddable":true,"href":"https:\/\/www.kulturkreis-wachtendonk.de\/cms\/wp-json\/wp\/v2\/tags?post=7543"}],"curies":[{"name":"wp","href":"https:\/\/api.w.org\/{rel}","templated":true}]}}