{"id":7400,"date":"2018-09-24T08:00:29","date_gmt":"2018-09-24T06:00:29","guid":{"rendered":"https:\/\/www.kulturkreis-wachtendonk.de\/cms\/?p=7400"},"modified":"2018-09-24T08:47:17","modified_gmt":"2018-09-24T06:47:17","slug":"kabarett-2","status":"publish","type":"post","link":"https:\/\/www.kulturkreis-wachtendonk.de\/cms\/kabarett-2\/","title":{"rendered":"Kabarett"},"content":{"rendered":"<p>&nbsp;<\/p>\n<figure id=\"attachment_7392\" aria-describedby=\"caption-attachment-7392\" style=\"width: 190px\" class=\"wp-caption alignleft\"><img decoding=\"async\" class=\"size-thumbnail wp-image-7392\" src=\"https:\/\/www.kulturkreis-wachtendonk.de\/cms\/wp-content\/uploads\/2018\/07\/Juergen-Becker-Volksbegehren-2-200x200.jpg\" alt=\"\" width=\"200\" height=\"200\" \/><figcaption id=\"caption-attachment-7392\" class=\"wp-caption-text\">J\u00fcrgen Becker &#8211; Kabarettist &#8211; 2015 &#8211; Foto \u00a9 Simin Kianmehr<\/figcaption><\/figure>\n<p>&nbsp;<\/p>\n<p><strong>J\u00fcrgen Becker<\/strong><\/p>\n<p><strong>\u201eVolksbegehren\u201c<\/strong><br \/>\n<strong>Die Kulturgeschichte der Fortpflanzung<\/strong><\/p>\n<p style=\"text-align: justify;\"><strong>Sonntag, 23.9.2018, 19 Uhr<\/strong><\/p>\n<p><span style=\"color: #ff0000; font-size: 20px;\">DIE VERANSTALTUNG IST AUSVERKAUFT !!!<\/span><\/p>\n<p style=\"text-align: justify;\" align=\"LEFT\">Wer\u00a0\u00a0bei \u00a0Titel\u00a0 &#8222;Volksbegehren&#8220; des neuen Programms von J\u00fcrgen Becker an Politik oder den Rechtsbegriff f\u00fcr ein Instrument der Basisdemokratie denkt, der ist absolut \u00a0&#8222;auf dem Holzweg&#8220;. Mit typisch rheinischen Humor, wortgewandt\u00a0und dem bekannten Schalk in den Augen widmet sich der beliebte Kabarettist der Kulturgeschichte der Fortpflanzung und &#8222;bewegt&#8220; sich damit\u00a0rd. anderthalb Stunden &#8222;unterhalb \u00a0der G\u00fcrtellinie&#8220;\u00a0 und bleibt trotzdem &#8222;jugendfrei&#8220; . Was macht sexy? Was lehrt uns die Erotik \u00fcber uns selbst? Und welche Lebensweisheiten k\u00f6nnen wir aus\u00a0 Ihr gewinnen? &#8211; Dies sind nur einige Fragen, die J\u00fcrgen Becker an diesem illustren Abend aufwirft.<\/p>\n<p style=\"text-align: justify;\" align=\"LEFT\">\u201eMitternachtsspitzen\u201c sind im gleichnamigen Film mit Doris Day und John Garvin Dessous und so wagt der Moderator derselben einen kabarettistischen Beischlaf mit dem Eros, dem wohl m\u00e4ch-tigsten aller G\u00f6tter. J\u00fcrgen Becker bittet zum Blick durchs Schl\u00fcsselloch. Das Publikum darf sich beim Liebesspiel mit Worten aufs angenehmste gekitzelt f\u00fchlen und beim Anblick von hundert erotischen Meisterwerken in Deckung bleiben &#8211; und sp\u00fcrt dabei geflissentlich, dass sch\u00f6ne Schenkel nicht nur im Bett bet\u00f6ren. Gelegentlich darf man sich auch darauf klopfen.<\/p>\n<p style=\"text-align: justify;\" align=\"LEFT\">Der geb\u00fcrtige K\u00f6lner J\u00fcrgen Becker ist dem breiten Publikum bestens bekannt aus Funk und Fernsehen. Radioh\u00f6rer kennen\u00a0ihn seit\u00a0\u00a0 1992 aus der Serie \u201eFr\u00fchst\u00fcckspause\u201c, U-Punkt um 10 Uhr 40, zusammen mit Didi J\u00fcnemann, w\u00f6chentlich freitags auf WDR 2. J\u00fcrgen Becker ist\u00a0Mitbegr\u00fcnder und Pr\u00e4sident der alternativen \u201eStunksitzung\u201c, gemeinsam mit 30 ebenso Bekloppten, Autor von unz\u00e4hligen Sketchen, Liedern und Moderationen. Seit 1992 moderiert er die\u00a0renommierte Kabarett-Sendung Mitternachtsspitzen\u00a0 im \u00a0WDR.\u00a0 Seit rd. 40 Jahren tourt J\u00fcrgen Becker allein oder mit kabarettistischer Begleitung und immer neuen Programmen\u00a0durch die Republik und sorgt dabei stets f\u00fcr\u00a0ausverkaufte\u00a0 Veranstaltungss\u00e4le.\u00a0<\/p>\n<p><strong>B\u00fcrgerhaus \u201cAltes Kloster\u201d<\/strong><\/p>\n","protected":false},"excerpt":{"rendered":"<p>&nbsp; &nbsp; J\u00fcrgen Becker \u201eVolksbegehren\u201c Die Kulturgeschichte der Fortpflanzung Sonntag, 23.9.2018, 19 Uhr DIE VERANSTALTUNG IST AUSVERKAUFT !!! Wer\u00a0\u00a0bei \u00a0Titel\u00a0 &#8222;Volksbegehren&#8220; des neuen Programms von J\u00fcrgen Becker an Politik oder den Rechtsbegriff f\u00fcr ein Instrument der Basisdemokratie denkt, der ist absolut \u00a0&#8222;auf dem Holzweg&#8220;. Mit typisch rheinischen Humor, wortgewandt\u00a0und dem bekannten Schalk in den Augen &#8230; <\/p>\n<p class=\"read-more-container\"><a title=\"Kabarett\" class=\"read-more button\" href=\"https:\/\/www.kulturkreis-wachtendonk.de\/cms\/kabarett-2\/#more-7400\" aria-label=\"Mehr Informationen \u00fcber Kabarett\">Weiterlesen &#8230;<\/a><\/p>\n","protected":false},"author":4,"featured_media":0,"comment_status":"closed","ping_status":"closed","sticky":false,"template":"","format":"standard","meta":{"footnotes":""},"categories":[16],"tags":[],"class_list":["post-7400","post","type-post","status-publish","format-standard","hentry","category-veranstaltungsarchiv"],"_links":{"self":[{"href":"https:\/\/www.kulturkreis-wachtendonk.de\/cms\/wp-json\/wp\/v2\/posts\/7400","targetHints":{"allow":["GET"]}}],"collection":[{"href":"https:\/\/www.kulturkreis-wachtendonk.de\/cms\/wp-json\/wp\/v2\/posts"}],"about":[{"href":"https:\/\/www.kulturkreis-wachtendonk.de\/cms\/wp-json\/wp\/v2\/types\/post"}],"author":[{"embeddable":true,"href":"https:\/\/www.kulturkreis-wachtendonk.de\/cms\/wp-json\/wp\/v2\/users\/4"}],"replies":[{"embeddable":true,"href":"https:\/\/www.kulturkreis-wachtendonk.de\/cms\/wp-json\/wp\/v2\/comments?post=7400"}],"version-history":[{"count":11,"href":"https:\/\/www.kulturkreis-wachtendonk.de\/cms\/wp-json\/wp\/v2\/posts\/7400\/revisions"}],"predecessor-version":[{"id":7515,"href":"https:\/\/www.kulturkreis-wachtendonk.de\/cms\/wp-json\/wp\/v2\/posts\/7400\/revisions\/7515"}],"wp:attachment":[{"href":"https:\/\/www.kulturkreis-wachtendonk.de\/cms\/wp-json\/wp\/v2\/media?parent=7400"}],"wp:term":[{"taxonomy":"category","embeddable":true,"href":"https:\/\/www.kulturkreis-wachtendonk.de\/cms\/wp-json\/wp\/v2\/categories?post=7400"},{"taxonomy":"post_tag","embeddable":true,"href":"https:\/\/www.kulturkreis-wachtendonk.de\/cms\/wp-json\/wp\/v2\/tags?post=7400"}],"curies":[{"name":"wp","href":"https:\/\/api.w.org\/{rel}","templated":true}]}}