{"id":7175,"date":"2018-05-08T15:58:10","date_gmt":"2018-05-08T13:58:10","guid":{"rendered":"http:\/\/www.kulturkreis-wachtendonk.de\/cms\/?p=7175"},"modified":"2018-05-09T13:42:11","modified_gmt":"2018-05-09T11:42:11","slug":"tango-argentino-13","status":"publish","type":"post","link":"https:\/\/www.kulturkreis-wachtendonk.de\/cms\/tango-argentino-13\/","title":{"rendered":"Tango Argentino"},"content":{"rendered":"<figure id=\"attachment_7176\" aria-describedby=\"caption-attachment-7176\" style=\"width: 190px\" class=\"wp-caption alignleft\"><img decoding=\"async\" class=\"size-thumbnail wp-image-7176\" src=\"http:\/\/www.kulturkreis-wachtendonk.de\/cms\/wp-content\/uploads\/2018\/02\/Tango-Ilona-Rios-2018-05-04-200x200.jpg\" alt=\"Tango Ilona Rios\" width=\"200\" height=\"200\" \/><figcaption id=\"caption-attachment-7176\" class=\"wp-caption-text\">Tango Ilona Rios<\/figcaption><\/figure>\n<p><strong>\u00a0<\/strong><\/p>\n<p><strong>Tango-Argentino<\/strong><\/p>\n<p style=\"text-align: justify;\"><strong>Milonga\u00a0mit Ilona Rios<\/strong><\/p>\n<p style=\"text-align: justify;\"><strong>Freitag, 4.5.2018,\u00a020 Uhr\u00a0(vorher um 19 Uhr pr\u00e1ctica )<\/strong><\/p>\n<p style=\"text-align: justify;\">\u00a0<\/p>\n<p style=\"text-align: justify;\">Herzlich willkommen zur Milonga im \u201eCasa amarilla\u201c (B\u00fcrgerhaus \u201eAltes Kloster\u201c).\u00a0Ihre &#8222;Gastgeberin&#8220; heute ist Ilona Rios.<\/p>\n<p style=\"text-align: justify;\">\u00a0Ilona Rios machte ihre ersten t\u00e4nzerischen Erfahrungen im Gesellschaftstanz, speziell in den Latein-Amerikanischen T\u00e4nzen. Durch ihre jahrelange Arbeit in Tanzschulen, konnte sie sich ein umfangreiches p\u00e4dagogisches Wissen aneignen, um damit den Tango-Argentino in einf\u00fchlsamer Didaktik zu vermitteln. 1997 entdeckte sie ihre Liebe und Leidenschaft f\u00fcr den Tango-Argentino. Ihre Lehrer waren u.a. Ruben Terbalca, Gustavo Naveira, Sergio Molini &amp; Gisela Graef Moreno, Eric M\u00fcller &amp; Jeusa Vasconcelos und Eduardo Capussi &amp; Mariana Flores. 1998 traf sie Salvador Rios und beide starteten als Tanz- und Lehrerpaar. Zusammen entdeckten sie ihre gro\u00dfe Liebe zur Milonga. Dabei zeigen sie ihren Sch\u00fclern, dass die Milonga alles andere als nur ein schnell getanzter Tango ist. Mit viel Humor und einf\u00fchlsamer Didaktik helfen sie den Sch\u00fclern, sich in der rhythmischen Welt der Milonga zurechtzufinden und die eigenen spielerische Kreativit\u00e4t f\u00fcr Rhythmik und Schritte zu entdecken. Seit 2008 nutzt Ilona ihre Erfahrungen aus der Alexander Technik in ihrem Tango-Unterricht und zeigt mit hilfreichen Tipps und Wissen \u00fcber K\u00f6rperbewusstsein und Haltung, wie die Sch\u00fcler sich in ihren eigenen Bewegungen und ihrem Tanz wohler f\u00fchlen k\u00f6nnen.<\/p>\n<p><strong>\u201eCasa amarilla\u201c (B\u00fcrgerhaus \u201cAltes Kloster\u201d) <\/strong><\/p>\n","protected":false},"excerpt":{"rendered":"<p>\u00a0 Tango-Argentino Milonga\u00a0mit Ilona Rios Freitag, 4.5.2018,\u00a020 Uhr\u00a0(vorher um 19 Uhr pr\u00e1ctica ) \u00a0 Herzlich willkommen zur Milonga im \u201eCasa amarilla\u201c (B\u00fcrgerhaus \u201eAltes Kloster\u201c).\u00a0Ihre &#8222;Gastgeberin&#8220; heute ist Ilona Rios. \u00a0Ilona Rios machte ihre ersten t\u00e4nzerischen Erfahrungen im Gesellschaftstanz, speziell in den Latein-Amerikanischen T\u00e4nzen. Durch ihre jahrelange Arbeit in Tanzschulen, konnte sie sich ein umfangreiches p\u00e4dagogisches &#8230; <\/p>\n<p class=\"read-more-container\"><a title=\"Tango Argentino\" class=\"read-more button\" href=\"https:\/\/www.kulturkreis-wachtendonk.de\/cms\/tango-argentino-13\/#more-7175\" aria-label=\"Mehr Informationen \u00fcber Tango Argentino\">Weiterlesen &#8230;<\/a><\/p>\n","protected":false},"author":4,"featured_media":0,"comment_status":"closed","ping_status":"closed","sticky":false,"template":"","format":"standard","meta":{"footnotes":""},"categories":[16],"tags":[],"class_list":["post-7175","post","type-post","status-publish","format-standard","hentry","category-veranstaltungsarchiv"],"_links":{"self":[{"href":"https:\/\/www.kulturkreis-wachtendonk.de\/cms\/wp-json\/wp\/v2\/posts\/7175","targetHints":{"allow":["GET"]}}],"collection":[{"href":"https:\/\/www.kulturkreis-wachtendonk.de\/cms\/wp-json\/wp\/v2\/posts"}],"about":[{"href":"https:\/\/www.kulturkreis-wachtendonk.de\/cms\/wp-json\/wp\/v2\/types\/post"}],"author":[{"embeddable":true,"href":"https:\/\/www.kulturkreis-wachtendonk.de\/cms\/wp-json\/wp\/v2\/users\/4"}],"replies":[{"embeddable":true,"href":"https:\/\/www.kulturkreis-wachtendonk.de\/cms\/wp-json\/wp\/v2\/comments?post=7175"}],"version-history":[{"count":7,"href":"https:\/\/www.kulturkreis-wachtendonk.de\/cms\/wp-json\/wp\/v2\/posts\/7175\/revisions"}],"predecessor-version":[{"id":7588,"href":"https:\/\/www.kulturkreis-wachtendonk.de\/cms\/wp-json\/wp\/v2\/posts\/7175\/revisions\/7588"}],"wp:attachment":[{"href":"https:\/\/www.kulturkreis-wachtendonk.de\/cms\/wp-json\/wp\/v2\/media?parent=7175"}],"wp:term":[{"taxonomy":"category","embeddable":true,"href":"https:\/\/www.kulturkreis-wachtendonk.de\/cms\/wp-json\/wp\/v2\/categories?post=7175"},{"taxonomy":"post_tag","embeddable":true,"href":"https:\/\/www.kulturkreis-wachtendonk.de\/cms\/wp-json\/wp\/v2\/tags?post=7175"}],"curies":[{"name":"wp","href":"https:\/\/api.w.org\/{rel}","templated":true}]}}