{"id":7105,"date":"2018-04-23T08:50:12","date_gmt":"2018-04-23T06:50:12","guid":{"rendered":"http:\/\/www.kulturkreis-wachtendonk.de\/cms\/?p=7105"},"modified":"2018-04-23T09:08:55","modified_gmt":"2018-04-23T07:08:55","slug":"5-wachtendonker-musikwochenende-1-festivaltag-2","status":"publish","type":"post","link":"https:\/\/www.kulturkreis-wachtendonk.de\/cms\/5-wachtendonker-musikwochenende-1-festivaltag-2\/","title":{"rendered":"5. Wachtendonker Musikwochenende 1. Festivaltag"},"content":{"rendered":"<p><figure id=\"attachment_6955\" aria-describedby=\"caption-attachment-6955\" style=\"width: 190px\" class=\"wp-caption alignleft\"><img decoding=\"async\" class=\"size-thumbnail wp-image-6955\" src=\"http:\/\/www.kulturkreis-wachtendonk.de\/cms\/wp-content\/uploads\/2018\/01\/Bettina-Born-Musette-adrett-200x200.jpg\" alt=\"Bettina Born\" width=\"200\" height=\"200\" \/><figcaption id=\"caption-attachment-6955\" class=\"wp-caption-text\">Bettina Born<\/figcaption><\/figure> <figure id=\"attachment_7106\" aria-describedby=\"caption-attachment-7106\" style=\"width: 190px\" class=\"wp-caption alignleft\"><img decoding=\"async\" class=\"size-thumbnail wp-image-7106\" src=\"http:\/\/www.kulturkreis-wachtendonk.de\/cms\/wp-content\/uploads\/2018\/01\/THU_140_dup_kl-200x200.jpg\" alt=\"Trio Hut up Foto: Horst Klein\" width=\"200\" height=\"200\" \/><figcaption id=\"caption-attachment-7106\" class=\"wp-caption-text\">Trio Hut up<br \/>\nFoto: Horst Klein<\/figcaption><\/figure><\/p>\n<p>&nbsp;<\/p>\n<p><strong>1. Festival-Tag<\/strong><\/p>\n<p><strong>Freitag, 20.4.2018, 19.30 Uhr<\/strong><\/p>\n<p>&nbsp;<\/p>\n<p><strong>Bettina Born<\/strong><\/p>\n<p><strong>\u00a0Trio Hut up<\/strong><\/p>\n<p>&nbsp;<\/p>\n<p>&nbsp;<\/p>\n<p style=\"text-align: justify;\">\u00a0<\/p>\n<p style=\"text-align: justify;\">\nIn ihrem neuen Konzertprogramm \u201eMusette adrett\u201c entf\u00fchrt Sie die Akkordeonistin <strong>Bettina Born<\/strong> mit eigenen Kompositionen in ihre Welt der Musettewalzer und des Tango. Es erwartet Sie ein Konzert im gro\u00dfen Spannungsbogen leidenschaftlicher und sinnlicher T\u00f6ne. Liebevoll und charmant bringt Bettina Born ihre musikalischen Geschichten zu Geh\u00f6r, verzaubert Sie, liebes Publikum und nimmt Sie mit auf eine gro\u00dfe Gef\u00fchlsreise in die weite Welt.<\/p>\n<p style=\"text-align: justify;\">Bettina Born lebt freischaffend in Th\u00fcringen. Ihre Konzerte f\u00fchren sie durch Deutschland und\u00a0 ins europ\u00e4ische Ausland. 3 Notenb\u00fccher mit ihren Kompositionen sind bereits erschienen sowie 6 CD\u00b4s zusammen mit dem Pianisten Wolfram Born.\u00a0 Als Komponistin und Solistin arbeitete sie auch mit Orchester und verschiedenen Theatern\u00a0 zusammen z.B. DNT Weimar, Volksb\u00fchne Berlin, Hans Otto Theater Potsdam, Puppentheater Magdeburg und dem Orchester des S\u00fcdth\u00fcringischen Staatstheaters Meinungen. 2014 erschien ihre Solo CD \u201eMusette adrett\u201c.<\/p>\n<p style=\"text-align: justify;\"><strong>Trio Hut up<\/strong>: Sounds voll Energie, Tracks voll Schubkraft und Klangkompositionen, deren Dialoge sich einpr\u00e4gen \u2013 das vereint die drei Vollblutmusiker. Ihre Musik beinhaltet filigrane T\u00f6ne, akustische Virtuosit\u00e4t und eigenst\u00e4ndigen Spielwitz. Ihre unterschiedlichen Backgrounds aus Classik, Jazz und Latin verbinden sie versiert zu einem energiegeladenen Programm, in dem der musikalische Dialog immer im Zentrum ihres Zusammenspiels steht.<\/p>\n<p style=\"text-align: justify;\">\u00a0Das Trio Hut Up bestehend aus:<br \/>\nJ\u00fcrgen Schwalk: Gitarre und Komposition \u2013 Studium der klassischen Gitarre an der Folkwang Universit\u00e4t der K\u00fcnste Essen bei Prof.Hans Gr\u00e4f www.juergenschwalk.com<br \/>\nRalf Diedenhofen: Kontrabass und Komposition \u2013 Musikstudium in Duisburg mit Schwerpunkt Jazzbass<br \/>\nGeorg Herz: Kongas, Cajon, Caxixi, Udu und weitere Percussionsinstrumente- Ausbildung u.a. in Kuba und Kolumbien,.<br \/>\nDas Trio spielt in dieser Besetzung seit dem Herbst 2014 zusammen. Jeder Musiker hat einen anderen musikalischen Background (Classic, Jazz, Latin). Hierdurch entsteht in ihren Kompositionen ein typischer\u00a0 Trio Hut Up Sound, welcher einen hohen Wiedererkennungswert hat und die drei symphatischen Musiker in ihren Livekonzerten noch mit ihrer Spielfreude unterstreichen!<\/p>\n<p><strong>B\u00fcrgerhaus \u201cAltes Kloster\u201d<\/strong><\/p>\n","protected":false},"excerpt":{"rendered":"<p>&nbsp; 1. Festival-Tag Freitag, 20.4.2018, 19.30 Uhr &nbsp; Bettina Born \u00a0Trio Hut up &nbsp; &nbsp; \u00a0 In ihrem neuen Konzertprogramm \u201eMusette adrett\u201c entf\u00fchrt Sie die Akkordeonistin Bettina Born mit eigenen Kompositionen in ihre Welt der Musettewalzer und des Tango. Es erwartet Sie ein Konzert im gro\u00dfen Spannungsbogen leidenschaftlicher und sinnlicher T\u00f6ne. Liebevoll und charmant bringt &#8230; <\/p>\n<p class=\"read-more-container\"><a title=\"5. Wachtendonker Musikwochenende 1. Festivaltag\" class=\"read-more button\" href=\"https:\/\/www.kulturkreis-wachtendonk.de\/cms\/5-wachtendonker-musikwochenende-1-festivaltag-2\/#more-7105\" aria-label=\"Mehr Informationen \u00fcber 5. Wachtendonker Musikwochenende 1. Festivaltag\">Weiterlesen &#8230;<\/a><\/p>\n","protected":false},"author":4,"featured_media":0,"comment_status":"closed","ping_status":"closed","sticky":false,"template":"","format":"standard","meta":{"footnotes":""},"categories":[16],"tags":[],"class_list":["post-7105","post","type-post","status-publish","format-standard","hentry","category-veranstaltungsarchiv"],"_links":{"self":[{"href":"https:\/\/www.kulturkreis-wachtendonk.de\/cms\/wp-json\/wp\/v2\/posts\/7105","targetHints":{"allow":["GET"]}}],"collection":[{"href":"https:\/\/www.kulturkreis-wachtendonk.de\/cms\/wp-json\/wp\/v2\/posts"}],"about":[{"href":"https:\/\/www.kulturkreis-wachtendonk.de\/cms\/wp-json\/wp\/v2\/types\/post"}],"author":[{"embeddable":true,"href":"https:\/\/www.kulturkreis-wachtendonk.de\/cms\/wp-json\/wp\/v2\/users\/4"}],"replies":[{"embeddable":true,"href":"https:\/\/www.kulturkreis-wachtendonk.de\/cms\/wp-json\/wp\/v2\/comments?post=7105"}],"version-history":[{"count":8,"href":"https:\/\/www.kulturkreis-wachtendonk.de\/cms\/wp-json\/wp\/v2\/posts\/7105\/revisions"}],"predecessor-version":[{"id":7267,"href":"https:\/\/www.kulturkreis-wachtendonk.de\/cms\/wp-json\/wp\/v2\/posts\/7105\/revisions\/7267"}],"wp:attachment":[{"href":"https:\/\/www.kulturkreis-wachtendonk.de\/cms\/wp-json\/wp\/v2\/media?parent=7105"}],"wp:term":[{"taxonomy":"category","embeddable":true,"href":"https:\/\/www.kulturkreis-wachtendonk.de\/cms\/wp-json\/wp\/v2\/categories?post=7105"},{"taxonomy":"post_tag","embeddable":true,"href":"https:\/\/www.kulturkreis-wachtendonk.de\/cms\/wp-json\/wp\/v2\/tags?post=7105"}],"curies":[{"name":"wp","href":"https:\/\/api.w.org\/{rel}","templated":true}]}}