{"id":7051,"date":"2018-11-25T14:54:47","date_gmt":"2018-11-25T13:54:47","guid":{"rendered":"http:\/\/www.kulturkreis-wachtendonk.de\/cms\/?p=7051"},"modified":"2018-11-26T09:33:23","modified_gmt":"2018-11-26T08:33:23","slug":"konzert-18","status":"publish","type":"post","link":"https:\/\/www.kulturkreis-wachtendonk.de\/cms\/konzert-18\/","title":{"rendered":"Konzert"},"content":{"rendered":"<figure id=\"attachment_6972\" aria-describedby=\"caption-attachment-6972\" style=\"width: 290px\" class=\"wp-caption alignleft\"><img fetchpriority=\"high\" decoding=\"async\" class=\"size-medium wp-image-6972\" src=\"http:\/\/www.kulturkreis-wachtendonk.de\/cms\/wp-content\/uploads\/2018\/01\/Trio-Con-Abbandono-2-300x201.jpg\" alt=\"Trio Con Abbandono \" width=\"300\" height=\"201\" srcset=\"https:\/\/www.kulturkreis-wachtendonk.de\/cms\/wp-content\/uploads\/2018\/01\/Trio-Con-Abbandono-2-300x201.jpg 300w, https:\/\/www.kulturkreis-wachtendonk.de\/cms\/wp-content\/uploads\/2018\/01\/Trio-Con-Abbandono-2-768x514.jpg 768w, https:\/\/www.kulturkreis-wachtendonk.de\/cms\/wp-content\/uploads\/2018\/01\/Trio-Con-Abbandono-2-1024x685.jpg 1024w\" sizes=\"(max-width: 300px) 100vw, 300px\" \/><figcaption id=\"caption-attachment-6972\" class=\"wp-caption-text\">Trio con Abbandono<\/figcaption><\/figure>\n<p>&nbsp;<\/p>\n<p><strong>Trio con Abbandono<\/strong><\/p>\n<p><strong>Samstag 24.11.2018,\u00a0 20 Uhr<\/strong><\/p>\n<p>&nbsp;<\/p>\n<p style=\"text-align: justify;\">Anne-Lise Cassonnet, Claudia Iserloh und Beate M\u00fcller gr\u00fcndeten 2006 das Trio con Abbandono, ein \u201eTrio mit Hingabe\u201c, dessen Name Programm ist. Das Ensemble mit der ungew\u00f6hnlichen Klangkombination der Instrumente Klarinette, Akkordeon und Violoncello bietet eine F\u00fclle von Klangfarben, die das Ensemble anhand eines breit gef\u00e4cherten Repertoires quer durch die Musikgeschichte demonstriert. <br \/>\nWie kaum eine andere kammermusikalische Formation verstehen es Beate M\u00fcller, Anne-Lise Cassonnet und Claudia Iserloh mit leidenschaftlicher Spielfreude, Charme und Humor ihr Publikum zu ber\u00fchren. Egal, ob das Trio einen schwungvollen argentinischen Tango pr\u00e4sentiert, mit Neuer Musik Akzente setzt, mit mitrei\u00dfender Klezmer-Musik das Publikum in seinen Bann zieht oder allseits bew\u00e4hrte Klassiker vortr\u00e4gt, die Resonanz ist lang anhaltender Beifall.<br \/>\nAls \u201eerste gro\u00dfe Neuentdeckung\u201c wurde das Trio nach einem Auftritt beim Er\u00f6ffnungskonzert des Internationalen Musikfestes Goslar-Harz (2007) beschrieben. Im Mai 2007 gewannen die Musikerinnen den Internationalen Kammermusikwettbewerb in Klingenthal. Nicht zuletzt bedingt die langj\u00e4hrige Freundschaft der drei studierten Musikerinnen den Erfolg im Konzertsaal. Die innige Verbundenheit und das gegenseitige Vertrauen beim Musizieren erm\u00f6glichen ihnen gleichsam die k\u00fcnstlerische Freiheit und au\u00dferordentliche Spielfreude, die in diesem Ma\u00dfe nur selten zu h\u00f6ren ist.<\/p>\n<p><strong>B\u00fcrgerhaus \u201cAltes Kloster\u201d<\/strong><\/p>\n","protected":false},"excerpt":{"rendered":"<p>&nbsp; Trio con Abbandono Samstag 24.11.2018,\u00a0 20 Uhr &nbsp; Anne-Lise Cassonnet, Claudia Iserloh und Beate M\u00fcller gr\u00fcndeten 2006 das Trio con Abbandono, ein \u201eTrio mit Hingabe\u201c, dessen Name Programm ist. Das Ensemble mit der ungew\u00f6hnlichen Klangkombination der Instrumente Klarinette, Akkordeon und Violoncello bietet eine F\u00fclle von Klangfarben, die das Ensemble anhand eines breit gef\u00e4cherten Repertoires &#8230; <\/p>\n<p class=\"read-more-container\"><a title=\"Konzert\" class=\"read-more button\" href=\"https:\/\/www.kulturkreis-wachtendonk.de\/cms\/konzert-18\/#more-7051\" aria-label=\"Mehr Informationen \u00fcber Konzert\">Weiterlesen &#8230;<\/a><\/p>\n","protected":false},"author":4,"featured_media":0,"comment_status":"closed","ping_status":"closed","sticky":false,"template":"","format":"standard","meta":{"footnotes":""},"categories":[16],"tags":[],"class_list":["post-7051","post","type-post","status-publish","format-standard","hentry","category-veranstaltungsarchiv"],"_links":{"self":[{"href":"https:\/\/www.kulturkreis-wachtendonk.de\/cms\/wp-json\/wp\/v2\/posts\/7051","targetHints":{"allow":["GET"]}}],"collection":[{"href":"https:\/\/www.kulturkreis-wachtendonk.de\/cms\/wp-json\/wp\/v2\/posts"}],"about":[{"href":"https:\/\/www.kulturkreis-wachtendonk.de\/cms\/wp-json\/wp\/v2\/types\/post"}],"author":[{"embeddable":true,"href":"https:\/\/www.kulturkreis-wachtendonk.de\/cms\/wp-json\/wp\/v2\/users\/4"}],"replies":[{"embeddable":true,"href":"https:\/\/www.kulturkreis-wachtendonk.de\/cms\/wp-json\/wp\/v2\/comments?post=7051"}],"version-history":[{"count":6,"href":"https:\/\/www.kulturkreis-wachtendonk.de\/cms\/wp-json\/wp\/v2\/posts\/7051\/revisions"}],"predecessor-version":[{"id":8001,"href":"https:\/\/www.kulturkreis-wachtendonk.de\/cms\/wp-json\/wp\/v2\/posts\/7051\/revisions\/8001"}],"wp:attachment":[{"href":"https:\/\/www.kulturkreis-wachtendonk.de\/cms\/wp-json\/wp\/v2\/media?parent=7051"}],"wp:term":[{"taxonomy":"category","embeddable":true,"href":"https:\/\/www.kulturkreis-wachtendonk.de\/cms\/wp-json\/wp\/v2\/categories?post=7051"},{"taxonomy":"post_tag","embeddable":true,"href":"https:\/\/www.kulturkreis-wachtendonk.de\/cms\/wp-json\/wp\/v2\/tags?post=7051"}],"curies":[{"name":"wp","href":"https:\/\/api.w.org\/{rel}","templated":true}]}}