{"id":7029,"date":"2018-11-05T11:00:11","date_gmt":"2018-11-05T10:00:11","guid":{"rendered":"http:\/\/www.kulturkreis-wachtendonk.de\/cms\/?p=7029"},"modified":"2018-11-05T14:11:17","modified_gmt":"2018-11-05T13:11:17","slug":"konzert-9","status":"publish","type":"post","link":"https:\/\/www.kulturkreis-wachtendonk.de\/cms\/konzert-9\/","title":{"rendered":"Konzert"},"content":{"rendered":"<figure id=\"attachment_6963\" aria-describedby=\"caption-attachment-6963\" style=\"width: 290px\" class=\"wp-caption alignleft\"><img fetchpriority=\"high\" decoding=\"async\" class=\"size-medium wp-image-6963\" src=\"http:\/\/www.kulturkreis-wachtendonk.de\/cms\/wp-content\/uploads\/2018\/01\/JoschoStephan-Trio-300x200.jpg\" alt=\"Joscho Stephan Trio\" width=\"300\" height=\"200\" srcset=\"https:\/\/www.kulturkreis-wachtendonk.de\/cms\/wp-content\/uploads\/2018\/01\/JoschoStephan-Trio-300x200.jpg 300w, https:\/\/www.kulturkreis-wachtendonk.de\/cms\/wp-content\/uploads\/2018\/01\/JoschoStephan-Trio-768x512.jpg 768w, https:\/\/www.kulturkreis-wachtendonk.de\/cms\/wp-content\/uploads\/2018\/01\/JoschoStephan-Trio-1024x683.jpg 1024w\" sizes=\"(max-width: 300px) 100vw, 300px\" \/><figcaption id=\"caption-attachment-6963\" class=\"wp-caption-text\">Joscho Stephan Trio<\/figcaption><\/figure>\n<p>&nbsp;<\/p>\n<p><strong>Joscho Stephan Trio <\/strong><\/p>\n<p><strong>Freitag, 2.11.2018, 20 Uhr<\/strong><\/p>\n<p>&nbsp;<\/p>\n<p style=\"text-align: justify;\">Wie kein anderer pr\u00e4gt Joscho Stephan mit seinem Spiel den modernen Gypsy Swing: Durch seinen authentischen Ton, mit harmonischer Raffinesse und rhythmischem Gesp\u00fcr, vor allem aber mit atemberaubender Solotechnik hat sich Stephan in der internationalen Gitarrenszene einen herausragenden Ruf erspielt. Er versteht es wie kein Zweiter, aus der Vielzahl aktueller Gypsy Swing Adaptionen heraus zu ragen, indem er neben den vielen Interpretationen der bekannten Klassiker des Genres den Gypsy Swing mit Latin, Klassik und Pop liiert. Hier zeigt sich Stephans St\u00e4rke als kreativer Vision\u00e4r. Und das begeistert das junge und alte Konzertpublikum gleicherma\u00dfen.<\/p>\n<p style=\"text-align: justify;\">\u00a0Seine beiden letzten Produktionen erfuhren eine besondere Anerkennung. Anfang 2015 wurde \u201eGypsy meets Groove\u201c ebenso f\u00fcr den Deutschen Schallplattenpreis nominiert wie sein aktuelles Album \u201eGuitar Heroes\u201c, f\u00fcr welches er Gitarrengr\u00f6\u00dfen wie Bireli Lagr\u00e8ne und Stochelo Rosenberg als G\u00e4ste gewinnen konnte. Schon sein Deb\u00fct \u201eSwinging Strings\u201c wurde 1999 vom amerikanischen Fachmagazin \u201eGuitar Player\u201c zur CD des Monats gek\u00fcrt. Das renommierte \u201eAcoustic Guitar Magazine\u201c feiert Joscho Stephan als Gitarristen f\u00fcr die Zukunft der Gypsy Jazzgitarre.<\/p>\n<p style=\"text-align: justify;\">Musikergr\u00f6\u00dfen wie Paquito D\u2019Rivera, James Carter, Charlie Mariano und Grady Tate zeigten sich nach gemeinsamen Auftritten begeistert. Auf dem australischen Kontinent war Joscho Stephan mit Martin Taylor und Tommy Emmanuel auf Konzertreise. Mit seinen eigenen Ensembles hat er auf vielen bedeutenden Festivals in ganz Europa gespielt. Auch in den USA konnte er mit Konzerten u.a. in Nashville, Chicago, San Francisco, Detroit oder im legend\u00e4ren Jazzclub Birdland und dem Lincoln Center in New York begeistern.<\/p>\n<p style=\"text-align: justify;\">In Wachtendonk tritt Joscho Stephan mit seinem eigenen Trio\u00a0auf.<\/p>\n<p style=\"text-align: justify;\">Besetzung:<br \/>\nJoscho Stephan: Sologitarre<br \/>\nG\u00fcnter Stephan: Rhythmusgitarre<br \/>\nVolker Kamp: Kontrabass<\/p>\n<p><strong>B\u00fcrgerhaus \u201cAltes Kloster\u201d<\/strong><\/p>\n","protected":false},"excerpt":{"rendered":"<p>&nbsp; Joscho Stephan Trio Freitag, 2.11.2018, 20 Uhr &nbsp; Wie kein anderer pr\u00e4gt Joscho Stephan mit seinem Spiel den modernen Gypsy Swing: Durch seinen authentischen Ton, mit harmonischer Raffinesse und rhythmischem Gesp\u00fcr, vor allem aber mit atemberaubender Solotechnik hat sich Stephan in der internationalen Gitarrenszene einen herausragenden Ruf erspielt. Er versteht es wie kein Zweiter, &#8230; <\/p>\n<p class=\"read-more-container\"><a title=\"Konzert\" class=\"read-more button\" href=\"https:\/\/www.kulturkreis-wachtendonk.de\/cms\/konzert-9\/#more-7029\" aria-label=\"Mehr Informationen \u00fcber Konzert\">Weiterlesen &#8230;<\/a><\/p>\n","protected":false},"author":4,"featured_media":0,"comment_status":"closed","ping_status":"closed","sticky":false,"template":"","format":"standard","meta":{"footnotes":""},"categories":[16],"tags":[],"class_list":["post-7029","post","type-post","status-publish","format-standard","hentry","category-veranstaltungsarchiv"],"_links":{"self":[{"href":"https:\/\/www.kulturkreis-wachtendonk.de\/cms\/wp-json\/wp\/v2\/posts\/7029","targetHints":{"allow":["GET"]}}],"collection":[{"href":"https:\/\/www.kulturkreis-wachtendonk.de\/cms\/wp-json\/wp\/v2\/posts"}],"about":[{"href":"https:\/\/www.kulturkreis-wachtendonk.de\/cms\/wp-json\/wp\/v2\/types\/post"}],"author":[{"embeddable":true,"href":"https:\/\/www.kulturkreis-wachtendonk.de\/cms\/wp-json\/wp\/v2\/users\/4"}],"replies":[{"embeddable":true,"href":"https:\/\/www.kulturkreis-wachtendonk.de\/cms\/wp-json\/wp\/v2\/comments?post=7029"}],"version-history":[{"count":7,"href":"https:\/\/www.kulturkreis-wachtendonk.de\/cms\/wp-json\/wp\/v2\/posts\/7029\/revisions"}],"predecessor-version":[{"id":7602,"href":"https:\/\/www.kulturkreis-wachtendonk.de\/cms\/wp-json\/wp\/v2\/posts\/7029\/revisions\/7602"}],"wp:attachment":[{"href":"https:\/\/www.kulturkreis-wachtendonk.de\/cms\/wp-json\/wp\/v2\/media?parent=7029"}],"wp:term":[{"taxonomy":"category","embeddable":true,"href":"https:\/\/www.kulturkreis-wachtendonk.de\/cms\/wp-json\/wp\/v2\/categories?post=7029"},{"taxonomy":"post_tag","embeddable":true,"href":"https:\/\/www.kulturkreis-wachtendonk.de\/cms\/wp-json\/wp\/v2\/tags?post=7029"}],"curies":[{"name":"wp","href":"https:\/\/api.w.org\/{rel}","templated":true}]}}