{"id":7013,"date":"2018-10-08T08:00:12","date_gmt":"2018-10-08T06:00:12","guid":{"rendered":"http:\/\/www.kulturkreis-wachtendonk.de\/cms\/?p=7013"},"modified":"2018-10-08T09:23:29","modified_gmt":"2018-10-08T07:23:29","slug":"konzert-5","status":"publish","type":"post","link":"https:\/\/www.kulturkreis-wachtendonk.de\/cms\/konzert-5\/","title":{"rendered":"Konzert"},"content":{"rendered":"<figure id=\"attachment_7006\" aria-describedby=\"caption-attachment-7006\" style=\"width: 190px\" class=\"wp-caption alignleft\"><img decoding=\"async\" class=\"size-thumbnail wp-image-7006\" src=\"http:\/\/www.kulturkreis-wachtendonk.de\/cms\/wp-content\/uploads\/2018\/01\/La-Mojarra-Calavera-1-200x200.jpg\" alt=\"La Mojarra Calavera \" width=\"200\" height=\"200\" \/><figcaption id=\"caption-attachment-7006\" class=\"wp-caption-text\">La Mojarra Calavera<\/figcaption><\/figure>\n<p>&nbsp;<\/p>\n<p><strong>La Mojarra Calavera<\/strong><\/p>\n<p><strong>Freitag, 5.10.2018, 20 Uhr<\/strong><\/p>\n<p>&nbsp;<\/p>\n<p style=\"text-align: justify;\">La Mojarra Calavera aus K\u00f6ln, das ist anspruchsvolle karibische Musik, die sofort zum Tanzen verf\u00fchrt. Ein einzigartiger, ungew\u00f6hnlicher Stilmix, der tief in traditionellen Rhythmen verwurzelt ist, aber seine ganz eigene, moderne Interpretation gefunden hat. Tiefgr\u00fcndige spanischsprachige Lieder, die viele Geschichten zu erz\u00e4hlen haben.<\/p>\n<p style=\"text-align: justify;\">Die Musik von La Mojarra Calavera ist eine kraftvolle Mischung traditioneller lateinamerikanischer Grooves wie Cumbia, Son, Rumba, Cha-cha-ch\u00e1, Merengue und Bolero. Doch w\u00e4hrend ihre Wurzeln fest im reichhaltigen Erbe der traditionellen Latin-Rhythmen ruhen, haben La Mojarra Calavera ihren ganz eigenen Klang gefunden, der keine Grenzen zwischen L\u00e4ndern, Kulturen und Musikstilen kennt.<\/p>\n<p style=\"text-align: justify;\">Das Resultat ist ein warmer, konzertgitarren- und tres-cubano-lastiger Sound mit viel, viel Rhythmus, bei dem nichts unm\u00f6glich ist \u2013 au\u00dfer, dass Beine und F\u00fc\u00dfe stillhalten. Die tiefgehenden Liedtexte in spanischer Sprache aus der Feder von S\u00e4nger Carlos Gabriel Klein sind humorvolle Anekdoten, augenzwinkernd-ironische Erz\u00e4hlungen und bissig-kritische Beobachtungen aus Alltag, Gesellschaft, Politik und dem zwischenmenschlichen Mit- und Gegeneinander.<\/p>\n<p style=\"text-align: justify;\">2007 mitten in der Nacht an einem kleinen Busbahnhof in der mexikanischen Provinz gegr\u00fcndet, sind heute in dem multinationalen Quintett mexikanisch-bolivianisch-deutsch-russischer Herkunft beide Seiten des Atlantiks gut repr\u00e4sentiert. Die EP &#8222;Volvi\u00f3 a salir el sol&#8220; erschien 2013.<\/p>\n<p>La Mojarra Calavera sind:<br \/>\nCarlos Gabriel Klein \u2013 Gesang, Gitarre, Kazoo, Text, Komposition <br \/>\nJos\u00e9 D\u00edaz de Le\u00f3n \u2013 Tres Cubano, Gitarre, Gesang, Komposition<br \/>\nRoman \u201cDon Ram\u00f3n El Zorro\u201d Fuch\u00df \u2013 Bass<br \/>\nIevgeni \u201cEugenio El Genio\u201d Ianin \u2013 Schlagzeug<br \/>\nJaime Gamero \u2013 Perkussion<\/p>\n<p><strong>B\u00fcrgerhaus \u201cAltes Kloster\u201d<\/strong><strong>\u00a0<\/strong><\/p>\n","protected":false},"excerpt":{"rendered":"<p>&nbsp; La Mojarra Calavera Freitag, 5.10.2018, 20 Uhr &nbsp; La Mojarra Calavera aus K\u00f6ln, das ist anspruchsvolle karibische Musik, die sofort zum Tanzen verf\u00fchrt. Ein einzigartiger, ungew\u00f6hnlicher Stilmix, der tief in traditionellen Rhythmen verwurzelt ist, aber seine ganz eigene, moderne Interpretation gefunden hat. Tiefgr\u00fcndige spanischsprachige Lieder, die viele Geschichten zu erz\u00e4hlen haben. Die Musik von &#8230; <\/p>\n<p class=\"read-more-container\"><a title=\"Konzert\" class=\"read-more button\" href=\"https:\/\/www.kulturkreis-wachtendonk.de\/cms\/konzert-5\/#more-7013\" aria-label=\"Mehr Informationen \u00fcber Konzert\">Weiterlesen &#8230;<\/a><\/p>\n","protected":false},"author":4,"featured_media":0,"comment_status":"closed","ping_status":"closed","sticky":false,"template":"","format":"standard","meta":{"footnotes":""},"categories":[16],"tags":[],"class_list":["post-7013","post","type-post","status-publish","format-standard","hentry","category-veranstaltungsarchiv"],"_links":{"self":[{"href":"https:\/\/www.kulturkreis-wachtendonk.de\/cms\/wp-json\/wp\/v2\/posts\/7013","targetHints":{"allow":["GET"]}}],"collection":[{"href":"https:\/\/www.kulturkreis-wachtendonk.de\/cms\/wp-json\/wp\/v2\/posts"}],"about":[{"href":"https:\/\/www.kulturkreis-wachtendonk.de\/cms\/wp-json\/wp\/v2\/types\/post"}],"author":[{"embeddable":true,"href":"https:\/\/www.kulturkreis-wachtendonk.de\/cms\/wp-json\/wp\/v2\/users\/4"}],"replies":[{"embeddable":true,"href":"https:\/\/www.kulturkreis-wachtendonk.de\/cms\/wp-json\/wp\/v2\/comments?post=7013"}],"version-history":[{"count":9,"href":"https:\/\/www.kulturkreis-wachtendonk.de\/cms\/wp-json\/wp\/v2\/posts\/7013\/revisions"}],"predecessor-version":[{"id":7525,"href":"https:\/\/www.kulturkreis-wachtendonk.de\/cms\/wp-json\/wp\/v2\/posts\/7013\/revisions\/7525"}],"wp:attachment":[{"href":"https:\/\/www.kulturkreis-wachtendonk.de\/cms\/wp-json\/wp\/v2\/media?parent=7013"}],"wp:term":[{"taxonomy":"category","embeddable":true,"href":"https:\/\/www.kulturkreis-wachtendonk.de\/cms\/wp-json\/wp\/v2\/categories?post=7013"},{"taxonomy":"post_tag","embeddable":true,"href":"https:\/\/www.kulturkreis-wachtendonk.de\/cms\/wp-json\/wp\/v2\/tags?post=7013"}],"curies":[{"name":"wp","href":"https:\/\/api.w.org\/{rel}","templated":true}]}}