{"id":6996,"date":"2018-08-15T08:20:28","date_gmt":"2018-08-15T06:20:28","guid":{"rendered":"http:\/\/www.kulturkreis-wachtendonk.de\/cms\/?p=6996"},"modified":"2018-08-16T08:58:20","modified_gmt":"2018-08-16T06:58:20","slug":"kindertheater","status":"publish","type":"post","link":"https:\/\/www.kulturkreis-wachtendonk.de\/cms\/kindertheater\/","title":{"rendered":"Kindertheater"},"content":{"rendered":"<figure id=\"attachment_6968\" aria-describedby=\"caption-attachment-6968\" style=\"width: 190px\" class=\"wp-caption alignleft\"><img decoding=\"async\" class=\"size-thumbnail wp-image-6968\" src=\"http:\/\/www.kulturkreis-wachtendonk.de\/cms\/wp-content\/uploads\/2018\/01\/Kindertheater-2018-2-200x200.jpg\" alt=\"Tom Teuer\" width=\"200\" height=\"200\" \/><figcaption id=\"caption-attachment-6968\" class=\"wp-caption-text\">Tom Teuer<\/figcaption><\/figure>\n<p>&nbsp;<\/p>\n<p style=\"text-align: justify;\"><strong>Theater Tom Teuer <\/strong><br \/>\n<strong>\u201eDie Prinzessin auf der Erbse\u201c<\/strong><\/p>\n<p style=\"text-align: justify;\"><strong>Mittwoch, 15.8.2018, 16 Uhr<\/strong><\/p>\n<p style=\"text-align: justify;\">\u00a0<\/p>\n<p style=\"text-align: justify;\">Es war einmal und ist immer noch so ein K\u00f6nig. Der lebt gl\u00fccklich mit seinem Prinzensohn auf einer Insel. Doch etwas fehlt dem Prinzen: genau, eine richtige Prinzessin. Und weil es keine auf der Insel gibt, schippert der Prinz los, scheppernd \u00fcber die Meere zur Prinzessinnensuche. Und er trifft sie: Prinzessinnen, interessiert nur an ihrer Sch\u00f6nheit, tr\u00e4umend nur von S\u00fc\u00dfigkeiten, nie Zeit habend, immer mit Handys telefonierend. Ratlos schippert der Prinz zur Insel zur\u00fcck. Eine Prinzessin ist nicht an Board. <\/p>\n<p>Dunkle Wolken ziehen \u00fcber der Insel auf. Es blitzt, donnert, regnet, st\u00fcrmt und es weht &#8211; eine Prinzessin an Land. Zumindest behauptet sie, eine zu sein. Doch sie tr\u00e4gt keine Krone, l\u00e4sst sich nicht bedienen und findet auch noch Unwetter toll. Das ist doch keine Prinzessin! Na, das werden wir ja sehen, denkt der K\u00f6nig und legt ihr, was sonst, eine Erbse ins Bett, ganz nach unten, unter alle Matratzen. <\/p>\n<p>Was dann passiert, hat selbst der K\u00f6nig noch nicht erlebt&#8230;&#8230;<\/p>\n<p>Ein St\u00fcck \u00fcber die Neugier und Offenheit gegen\u00fcber denen, die irgendwie anders sind.<\/p>\n<p>Ein ziemlich bekanntes M\u00e4rchen \u2013 etwas anders erz\u00e4hlt.\u00a0 F\u00fcr Kinder ab 4 Jahren im Rahmen der Ferienspa\u00dfaktion.<\/p>\n<p><strong>B\u00fcrgerhaus \u201cAltes Kloster\u201d<\/strong><\/p>\n","protected":false},"excerpt":{"rendered":"<p>&nbsp; Theater Tom Teuer \u201eDie Prinzessin auf der Erbse\u201c Mittwoch, 15.8.2018, 16 Uhr \u00a0 Es war einmal und ist immer noch so ein K\u00f6nig. Der lebt gl\u00fccklich mit seinem Prinzensohn auf einer Insel. Doch etwas fehlt dem Prinzen: genau, eine richtige Prinzessin. Und weil es keine auf der Insel gibt, schippert der Prinz los, scheppernd &#8230; <\/p>\n<p class=\"read-more-container\"><a title=\"Kindertheater\" class=\"read-more button\" href=\"https:\/\/www.kulturkreis-wachtendonk.de\/cms\/kindertheater\/#more-6996\" aria-label=\"Mehr Informationen \u00fcber Kindertheater\">Weiterlesen &#8230;<\/a><\/p>\n","protected":false},"author":4,"featured_media":0,"comment_status":"closed","ping_status":"closed","sticky":false,"template":"","format":"standard","meta":{"footnotes":""},"categories":[16],"tags":[],"class_list":["post-6996","post","type-post","status-publish","format-standard","hentry","category-veranstaltungsarchiv"],"_links":{"self":[{"href":"https:\/\/www.kulturkreis-wachtendonk.de\/cms\/wp-json\/wp\/v2\/posts\/6996","targetHints":{"allow":["GET"]}}],"collection":[{"href":"https:\/\/www.kulturkreis-wachtendonk.de\/cms\/wp-json\/wp\/v2\/posts"}],"about":[{"href":"https:\/\/www.kulturkreis-wachtendonk.de\/cms\/wp-json\/wp\/v2\/types\/post"}],"author":[{"embeddable":true,"href":"https:\/\/www.kulturkreis-wachtendonk.de\/cms\/wp-json\/wp\/v2\/users\/4"}],"replies":[{"embeddable":true,"href":"https:\/\/www.kulturkreis-wachtendonk.de\/cms\/wp-json\/wp\/v2\/comments?post=6996"}],"version-history":[{"count":7,"href":"https:\/\/www.kulturkreis-wachtendonk.de\/cms\/wp-json\/wp\/v2\/posts\/6996\/revisions"}],"predecessor-version":[{"id":7466,"href":"https:\/\/www.kulturkreis-wachtendonk.de\/cms\/wp-json\/wp\/v2\/posts\/6996\/revisions\/7466"}],"wp:attachment":[{"href":"https:\/\/www.kulturkreis-wachtendonk.de\/cms\/wp-json\/wp\/v2\/media?parent=6996"}],"wp:term":[{"taxonomy":"category","embeddable":true,"href":"https:\/\/www.kulturkreis-wachtendonk.de\/cms\/wp-json\/wp\/v2\/categories?post=6996"},{"taxonomy":"post_tag","embeddable":true,"href":"https:\/\/www.kulturkreis-wachtendonk.de\/cms\/wp-json\/wp\/v2\/tags?post=6996"}],"curies":[{"name":"wp","href":"https:\/\/api.w.org\/{rel}","templated":true}]}}