{"id":6818,"date":"2018-07-22T12:33:54","date_gmt":"2018-07-22T10:33:54","guid":{"rendered":"http:\/\/www.kulturkreis-wachtendonk.de\/cms\/?p=6818"},"modified":"2018-07-23T09:14:59","modified_gmt":"2018-07-23T07:14:59","slug":"comedy-mix-show-2","status":"publish","type":"post","link":"https:\/\/www.kulturkreis-wachtendonk.de\/cms\/comedy-mix-show-2\/","title":{"rendered":"Comedy-Mix Show"},"content":{"rendered":"<figure id=\"attachment_6813\" aria-describedby=\"caption-attachment-6813\" style=\"width: 190px\" class=\"wp-caption alignleft\"><img decoding=\"async\" class=\"size-thumbnail wp-image-6813\" src=\"http:\/\/www.kulturkreis-wachtendonk.de\/cms\/wp-content\/uploads\/2017\/11\/Lost-Place-Comedy-Logo-200x200.png\" alt=\"Lost Place Comedy \" width=\"200\" height=\"200\" \/><figcaption id=\"caption-attachment-6813\" class=\"wp-caption-text\">Lost Place Comedy<\/figcaption><\/figure>\n<p><strong>LOST PLACE COMEDY <\/strong><\/p>\n<p><strong>an der Burgruine<\/strong><\/p>\n<p><strong>Samstag, <\/strong><strong>21.7.2018,\u00a0<\/strong><strong> 20 Uhr<\/strong><\/p>\n<p style=\"text-align: justify;\">Unter dem Titel \u201eLost-Place-Comedy\u201c startet eine neue Comedy-Mix Show mit einem vollkommen neuen Konzept. So werden l\u00e4ngst vergessene und verlassene Orte wieder mit Leben gef\u00fcllt. Moderator Manuel Bodden pr\u00e4sentiert an diesem Abend gleich 4 Comedians aus verschiedenen Bereichen. F\u00fcr die Auftaktveranstaltung konnte mit <strong>Johannes Fl\u00f6ck, Jacqueline Feldmann, Berhane Berhane<\/strong> und <strong>Lars Redlich<\/strong> ein Programm zusammengestellt werden, was mit Sicherheit f\u00fcr jeden Besucher einen kurzweiligen und am\u00fcsanten Abend versprechen wird.<\/p>\n<p style=\"text-align: justify;\"><strong>Johannes Fl\u00f6ck <\/strong>ist ein deutscher Standup-Comedian und Moderator. Seit 2002 tourt er mit diversen Soloprogrammen durch ganz Deutschland. Seit Herbst 2016 spielt er sein neues Programm &#8222;Wenn Happy und Birthday getrennte Wege gehen&#8220;. Unter dem gleichen Titel ver\u00f6ffentlichte er bereits sein erstes Buch (Fischer Verlag). Johannes Fl\u00f6ck ist zudem seit vielen Jahren gern gesehener Gast in vielen TV-Shows (Freunde in der M\u00e4ulesm\u00fchle, Stuttgarter Besen, Pro7-Quatsch Comedy Club, Nightwash bei WDR\/ComedyCentral, RTL ComedyNacht u.v.a.). Sein Multitalent beweist er au\u00dferdem als Event-Moderator und Au\u00dfenreporter, wie z.B. in der ZDF Sendung \u201eKlar! Wissen ist gut!&#8220;.<\/p>\n<p style=\"text-align: justify;\"><strong>Jacqueline Feldmann\u00a0\u00a0<\/strong>kommt mit Teilen ihres nunmehr zweiten Solo Programms\u00a0 &#8222;Pl\u00f6tzlich Zukunft! Konnt\u00b4 ja keiner wissen&#8230;&#8220;\u00a0 &#8211; einer lustigen Liebeserkl\u00e4rung an das \u201enormale&#8220; Leben, an verr\u00fcckte \u00c4ngste der Jugend und deren Eltern, sowie der Versuch, \u201eYoutube-Star&#8220; als echten Beruf zu betrachten. Nat\u00fcrlich widmet sich Jacqueline auch anderen Themen \u2013 und dies mit viel Sympathie, gro\u00dfer Pr\u00e4senz und voller Energie. Zwischen Wahlurne, Kubaurlaub und WG-Party schafft sie den Spagat zwischen den Generationen: Dem jungen Publikum dient sie gerne als Identifikationsfigur, den \u00e4lteren Fans gibt sie wiederum einen faszinierenden Einblick in das Leben einer jungen Frau.<\/p>\n<p style=\"text-align: justify;\"><strong> Berhane Berhane\u00a0 &#8211; <\/strong>als er mit 6 Jahren nach Deutschland kam, hatte er praktisch nichts, nicht einmal einen Nachnamen. Den bekam er erst in Deutschland zusammen mit seinem Pass. Aber seine Einb\u00fcrgerung hat noch ein viel schrecklichere Nebenwirkung: seit er Deutscher ist, hat er Angst um \u201esein&#8220; neues Volk. Und die Besuche in den deutschen Discos best\u00e4tigen ihn: ein Volk, dass sich auf der Tanzfl\u00e4che so d\u00e4mlich anstellt, wird auf jeden Fall aussterben. Aber Berhane bringt die Bewegung und Erleuchtung. Denn Berhane Berhane ist das neue Licht auf Deutschlands Comedyb\u00fchnen. Klug, witzig und er kann auch noch verdammt gut tanzen.<\/p>\n<p style=\"text-align: justify;\"><strong>Lars Redlich<\/strong> studierte zun\u00e4chst Musik und Sport, um Gymnasiallehrer zu werden. 2004 lie\u00df er sich dann an der Universit\u00e4t der K\u00fcnste Berlin in Schauspiel, Gesang und Tanz ausbilden und schloss als diplomierter B\u00fchnendarsteller mit Auszeichnung ab. Seitdem ist der geb\u00fcrtige Berliner sowohl in Theater- als auch Fernsehproduktionen zu sehen. Die gro\u00dfe Portion an Kreativit\u00e4t und Variabilit\u00e4t in Kombination mit dem Willen, \u201eUnaustauschbares&#8220; auf der B\u00fchne zu pr\u00e4sentieren, f\u00fchrte dazu, dass der sympathische Multi-Instrumentalist parallel zu seinem anderen B\u00fchnenleben sein selbstironisches Solo-Programm \u201eLars but not least&#8220;, eine so noch nicht dagewesene Kombination aus Show, Kabarett, Musikcomedy und eigene Songs, sowohl mit ehrlichen und nachdenklichen T\u00f6nen als auch mit mitrei\u00dfenden Momenten und intelligentem Humor, ins Leben rief.\u00a0<\/p>\n<p style=\"text-align: justify;\"><strong>Burgruine, Dammweg, Wachtendonk<\/strong><\/p>\n","protected":false},"excerpt":{"rendered":"<p>LOST PLACE COMEDY an der Burgruine Samstag, 21.7.2018,\u00a0 20 Uhr Unter dem Titel \u201eLost-Place-Comedy\u201c startet eine neue Comedy-Mix Show mit einem vollkommen neuen Konzept. So werden l\u00e4ngst vergessene und verlassene Orte wieder mit Leben gef\u00fcllt. Moderator Manuel Bodden pr\u00e4sentiert an diesem Abend gleich 4 Comedians aus verschiedenen Bereichen. F\u00fcr die Auftaktveranstaltung konnte mit Johannes Fl\u00f6ck, &#8230; <\/p>\n<p class=\"read-more-container\"><a title=\"Comedy-Mix Show\" class=\"read-more button\" href=\"https:\/\/www.kulturkreis-wachtendonk.de\/cms\/comedy-mix-show-2\/#more-6818\" aria-label=\"Mehr Informationen \u00fcber Comedy-Mix Show\">Weiterlesen &#8230;<\/a><\/p>\n","protected":false},"author":4,"featured_media":0,"comment_status":"closed","ping_status":"closed","sticky":false,"template":"","format":"standard","meta":{"footnotes":""},"categories":[16],"tags":[],"class_list":["post-6818","post","type-post","status-publish","format-standard","hentry","category-veranstaltungsarchiv"],"_links":{"self":[{"href":"https:\/\/www.kulturkreis-wachtendonk.de\/cms\/wp-json\/wp\/v2\/posts\/6818","targetHints":{"allow":["GET"]}}],"collection":[{"href":"https:\/\/www.kulturkreis-wachtendonk.de\/cms\/wp-json\/wp\/v2\/posts"}],"about":[{"href":"https:\/\/www.kulturkreis-wachtendonk.de\/cms\/wp-json\/wp\/v2\/types\/post"}],"author":[{"embeddable":true,"href":"https:\/\/www.kulturkreis-wachtendonk.de\/cms\/wp-json\/wp\/v2\/users\/4"}],"replies":[{"embeddable":true,"href":"https:\/\/www.kulturkreis-wachtendonk.de\/cms\/wp-json\/wp\/v2\/comments?post=6818"}],"version-history":[{"count":17,"href":"https:\/\/www.kulturkreis-wachtendonk.de\/cms\/wp-json\/wp\/v2\/posts\/6818\/revisions"}],"predecessor-version":[{"id":7458,"href":"https:\/\/www.kulturkreis-wachtendonk.de\/cms\/wp-json\/wp\/v2\/posts\/6818\/revisions\/7458"}],"wp:attachment":[{"href":"https:\/\/www.kulturkreis-wachtendonk.de\/cms\/wp-json\/wp\/v2\/media?parent=6818"}],"wp:term":[{"taxonomy":"category","embeddable":true,"href":"https:\/\/www.kulturkreis-wachtendonk.de\/cms\/wp-json\/wp\/v2\/categories?post=6818"},{"taxonomy":"post_tag","embeddable":true,"href":"https:\/\/www.kulturkreis-wachtendonk.de\/cms\/wp-json\/wp\/v2\/tags?post=6818"}],"curies":[{"name":"wp","href":"https:\/\/api.w.org\/{rel}","templated":true}]}}