{"id":6805,"date":"2018-06-10T12:32:36","date_gmt":"2018-06-10T10:32:36","guid":{"rendered":"http:\/\/www.kulturkreis-wachtendonk.de\/cms\/?p=6805"},"modified":"2018-06-11T08:54:09","modified_gmt":"2018-06-11T06:54:09","slug":"konzert-3","status":"publish","type":"post","link":"https:\/\/www.kulturkreis-wachtendonk.de\/cms\/konzert-3\/","title":{"rendered":"Konzert"},"content":{"rendered":"<figure id=\"attachment_6806\" aria-describedby=\"caption-attachment-6806\" style=\"width: 190px\" class=\"wp-caption alignleft\"><img decoding=\"async\" class=\"size-thumbnail wp-image-6806\" src=\"http:\/\/www.kulturkreis-wachtendonk.de\/cms\/wp-content\/uploads\/2017\/11\/Ferry2Kerry-Pressefoto1-200x200.jpg\" alt=\"Ferry2Kerry\" width=\"200\" height=\"200\" \/><figcaption id=\"caption-attachment-6806\" class=\"wp-caption-text\">Ferry2Kerry<\/figcaption><\/figure>\n<p>&nbsp;<\/p>\n<p><strong>Ferry2Kerry<\/strong><\/p>\n<p><strong>traditional celtic Music<\/strong><\/p>\n<p><strong>Samstag, 9.6.2018,\u00a0 20 Uhr<\/strong><\/p>\n<p style=\"text-align: justify;\">\u00a0<\/p>\n<p style=\"text-align: justify;\">Vom kleinen Rahmen mit rein akustischer Ausf\u00fchrung bis hin zu Autritten auf Festivals reicht die Palette von Ferry2Kerry. Die Musik orientiert sich im Wesentlichen an der irischen Tradition. Mitrei\u00dfende Jigs und Reels, anr\u00fchrende Balladen, z\u00fcnftige Sauf-und Rauflieder, packende Songs aus allen irischen Lebenslagen mit pers\u00f6nlichen und historischen Bez\u00fcgen laden zum Zuh\u00f6ren ein. \u00a0Dabei kann zwischenzeitlich schon einmal eine schottische oder bretonische Melodie erklingen.<\/p>\n<p style=\"text-align: justify;\">Helga Supplieth, Ottmar Nagel, Peter Supplieth und Henning Wilms spielen dabei genau die Instrumente, die Sie bei einem Irishfolk-Konzert erwarten: Tin Whistle, Mandoline, irisches Akkordeon (oder schlicht &#8222;Box&#8220;), Gitarre, Bodhran, irische Bouzouki und Dudelsack &#8211; erg\u00e4nzt durch Drehleier und Bombarde aus dem bretonischen Instrumentarium. So entsteht jene lebensfrohe Mischung aus verschiedenen Stilen und Instrumenten, die bisher noch jeden begeistert hat.<\/p>\n<p>Als passende Getr\u00e4nke werden an diesem Abend auch Kir Breton (klassischer Ap\u00e9ritif aus der Bretagne\/Frankreich) sowie Guinness (irisches Bier) angeboten.<\/p>\n<p><strong>B\u00fcrgerhaus \u201cAltes Kloster\u201d<\/strong><\/p>\n","protected":false},"excerpt":{"rendered":"<p>&nbsp; Ferry2Kerry traditional celtic Music Samstag, 9.6.2018,\u00a0 20 Uhr \u00a0 Vom kleinen Rahmen mit rein akustischer Ausf\u00fchrung bis hin zu Autritten auf Festivals reicht die Palette von Ferry2Kerry. Die Musik orientiert sich im Wesentlichen an der irischen Tradition. Mitrei\u00dfende Jigs und Reels, anr\u00fchrende Balladen, z\u00fcnftige Sauf-und Rauflieder, packende Songs aus allen irischen Lebenslagen mit pers\u00f6nlichen &#8230; <\/p>\n<p class=\"read-more-container\"><a title=\"Konzert\" class=\"read-more button\" href=\"https:\/\/www.kulturkreis-wachtendonk.de\/cms\/konzert-3\/#more-6805\" aria-label=\"Mehr Informationen \u00fcber Konzert\">Weiterlesen &#8230;<\/a><\/p>\n","protected":false},"author":4,"featured_media":0,"comment_status":"closed","ping_status":"closed","sticky":false,"template":"","format":"standard","meta":{"footnotes":""},"categories":[16],"tags":[],"class_list":["post-6805","post","type-post","status-publish","format-standard","hentry","category-veranstaltungsarchiv"],"_links":{"self":[{"href":"https:\/\/www.kulturkreis-wachtendonk.de\/cms\/wp-json\/wp\/v2\/posts\/6805","targetHints":{"allow":["GET"]}}],"collection":[{"href":"https:\/\/www.kulturkreis-wachtendonk.de\/cms\/wp-json\/wp\/v2\/posts"}],"about":[{"href":"https:\/\/www.kulturkreis-wachtendonk.de\/cms\/wp-json\/wp\/v2\/types\/post"}],"author":[{"embeddable":true,"href":"https:\/\/www.kulturkreis-wachtendonk.de\/cms\/wp-json\/wp\/v2\/users\/4"}],"replies":[{"embeddable":true,"href":"https:\/\/www.kulturkreis-wachtendonk.de\/cms\/wp-json\/wp\/v2\/comments?post=6805"}],"version-history":[{"count":12,"href":"https:\/\/www.kulturkreis-wachtendonk.de\/cms\/wp-json\/wp\/v2\/posts\/6805\/revisions"}],"predecessor-version":[{"id":7397,"href":"https:\/\/www.kulturkreis-wachtendonk.de\/cms\/wp-json\/wp\/v2\/posts\/6805\/revisions\/7397"}],"wp:attachment":[{"href":"https:\/\/www.kulturkreis-wachtendonk.de\/cms\/wp-json\/wp\/v2\/media?parent=6805"}],"wp:term":[{"taxonomy":"category","embeddable":true,"href":"https:\/\/www.kulturkreis-wachtendonk.de\/cms\/wp-json\/wp\/v2\/categories?post=6805"},{"taxonomy":"post_tag","embeddable":true,"href":"https:\/\/www.kulturkreis-wachtendonk.de\/cms\/wp-json\/wp\/v2\/tags?post=6805"}],"curies":[{"name":"wp","href":"https:\/\/api.w.org\/{rel}","templated":true}]}}