{"id":6720,"date":"2018-01-02T10:00:58","date_gmt":"2018-01-02T09:00:58","guid":{"rendered":"http:\/\/www.kulturkreis-wachtendonk.de\/cms\/?p=6720"},"modified":"2018-01-03T10:43:30","modified_gmt":"2018-01-03T09:43:30","slug":"konzert-am-neujahrstag-orgel-trompete-2","status":"publish","type":"post","link":"https:\/\/www.kulturkreis-wachtendonk.de\/cms\/konzert-am-neujahrstag-orgel-trompete-2\/","title":{"rendered":"Konzert am Neujahrstag: Orgel &#038; Trompete"},"content":{"rendered":"<p><figure id=\"attachment_6723\" aria-describedby=\"caption-attachment-6723\" style=\"width: 190px\" class=\"wp-caption alignleft\"><img decoding=\"async\" class=\"size-thumbnail wp-image-6723\" src=\"http:\/\/www.kulturkreis-wachtendonk.de\/cms\/wp-content\/uploads\/2017\/11\/Ute-Gremmel-Geuchen-Foto-Kurt-L\u00fcbke-200x200.jpg\" alt=\"Ute Gremmel-Geuchen Foto: Kurt L\u00fcbke\" width=\"200\" height=\"200\" \/><figcaption id=\"caption-attachment-6723\" class=\"wp-caption-text\">Ute Gremmel-Geuchen<br \/>\n Foto: Kurt L\u00fcbke<\/figcaption><\/figure> <figure id=\"attachment_6724\" aria-describedby=\"caption-attachment-6724\" style=\"width: 190px\" class=\"wp-caption alignleft\"><img decoding=\"async\" class=\"size-thumbnail wp-image-6724\" src=\"http:\/\/www.kulturkreis-wachtendonk.de\/cms\/wp-content\/uploads\/2017\/11\/Ferenc-Mausz-Foto-Marco-G\u00f6hre-200x200.jpg\" alt=\"Ferenc Mausz Foto: Marco G\u00f6hre\" width=\"200\" height=\"200\" \/><figcaption id=\"caption-attachment-6724\" class=\"wp-caption-text\">Ferenc Mausz<br \/>\n Foto: Marco G\u00f6hre<\/figcaption><\/figure><\/p>\n<p>&nbsp;<\/p>\n<p><strong>Neujahrs-Konzert in \u201eSt. Michael\u201c<\/strong><\/p>\n<p><strong>Ute Gremmel-Geuchen -Orgel-\u00a0<\/strong><br \/>\n<strong>\u00a0\u00a0\u00a0\u00a0\u00a0\u00a0\u00a0\u00a0\u00a0\u00a0\u00a0\u00a0\u00a0\u00a0\u00a0\u00a0\u00a0\u00a0\u00a0\u00a0\u00a0\u00a0 &amp;<\/strong><br \/>\n<strong>Ferenc Mausz -Trompete-<\/strong><\/p>\n<p>\n<strong>Montag, 1.1.2018,\u00a017 Uhr<\/strong><\/p>\n<p>&nbsp;<\/p>\n<p style=\"text-align: justify;\">Nach dem gro\u00dfen Erfolg 2016 ist der\u00a0Kulturkreis Wachtendonk stolz, dass er im Jubil\u00e4umsjahr noch einmal die\u00a0bekannte Organistin der Paterskirche zu Kempen, Ute Gremmel-Geuchen, f\u00fcr ein Konzert in St. Michael gewinnen konnte. Auf Grund von Wettbewerbserfolgen und etlichen Rundfunk- und CD-Aufnahmen ist Ute Gremmel-Geuchen eine international gefragte Organistin. 2012 war sie an einer Gesamtaufnahme des Bachschen Orgelwerks an els\u00e4ssischen Silbermann-Orgeln beteiligt, die 2013 mit dem renommierten Echo-Klassik-Preis ausgezeichnet wurde. Doch diesmal kommt die beliebte K\u00fcnstlerin nicht allein.<\/p>\n<p style=\"text-align: justify;\">Sie wird begleitet von dem\u00a0jungen Trompetensolisten Ferenc Mausz, der zu den talentiertesten und vielversprechendsten jun-gen\u00a0K\u00fcnstlern\u00a0der neuen Generation an diesem Instrument z\u00e4hlt. Er gewann bereits viele internationale Wettbewerbe.<\/p>\n<p style=\"text-align: justify;\">F\u00fcr Wachtendonk haben beide\u00a0ein Programm mit Werken von Telemann, Fasch und Vivaldi ausgew\u00e4hlt. &#8222;L\u00e4uten&#8220; Sie das Neue Jahr besinnlich ein und genie\u00dfen ein wunderbares\u00a0klassisches Konzert in der Wachtendonker Kirche.<\/p>\n<p style=\"text-align: justify;\"><strong>St. Michael Kirche, Wachtendonk<\/strong><\/p>\n","protected":false},"excerpt":{"rendered":"<p>&nbsp; Neujahrs-Konzert in \u201eSt. Michael\u201c Ute Gremmel-Geuchen -Orgel-\u00a0 \u00a0\u00a0\u00a0\u00a0\u00a0\u00a0\u00a0\u00a0\u00a0\u00a0\u00a0\u00a0\u00a0\u00a0\u00a0\u00a0\u00a0\u00a0\u00a0\u00a0\u00a0\u00a0 &amp; Ferenc Mausz -Trompete- Montag, 1.1.2018,\u00a017 Uhr &nbsp; Nach dem gro\u00dfen Erfolg 2016 ist der\u00a0Kulturkreis Wachtendonk stolz, dass er im Jubil\u00e4umsjahr noch einmal die\u00a0bekannte Organistin der Paterskirche zu Kempen, Ute Gremmel-Geuchen, f\u00fcr ein Konzert in St. Michael gewinnen konnte. Auf Grund von Wettbewerbserfolgen und etlichen Rundfunk- &#8230; <\/p>\n<p class=\"read-more-container\"><a title=\"Konzert am Neujahrstag: Orgel &#038; Trompete\" class=\"read-more button\" href=\"https:\/\/www.kulturkreis-wachtendonk.de\/cms\/konzert-am-neujahrstag-orgel-trompete-2\/#more-6720\" aria-label=\"Mehr Informationen \u00fcber Konzert am Neujahrstag: Orgel &#038; Trompete\">Weiterlesen &#8230;<\/a><\/p>\n","protected":false},"author":4,"featured_media":0,"comment_status":"closed","ping_status":"closed","sticky":false,"template":"","format":"standard","meta":{"footnotes":""},"categories":[16],"tags":[],"class_list":["post-6720","post","type-post","status-publish","format-standard","hentry","category-veranstaltungsarchiv"],"_links":{"self":[{"href":"https:\/\/www.kulturkreis-wachtendonk.de\/cms\/wp-json\/wp\/v2\/posts\/6720","targetHints":{"allow":["GET"]}}],"collection":[{"href":"https:\/\/www.kulturkreis-wachtendonk.de\/cms\/wp-json\/wp\/v2\/posts"}],"about":[{"href":"https:\/\/www.kulturkreis-wachtendonk.de\/cms\/wp-json\/wp\/v2\/types\/post"}],"author":[{"embeddable":true,"href":"https:\/\/www.kulturkreis-wachtendonk.de\/cms\/wp-json\/wp\/v2\/users\/4"}],"replies":[{"embeddable":true,"href":"https:\/\/www.kulturkreis-wachtendonk.de\/cms\/wp-json\/wp\/v2\/comments?post=6720"}],"version-history":[{"count":19,"href":"https:\/\/www.kulturkreis-wachtendonk.de\/cms\/wp-json\/wp\/v2\/posts\/6720\/revisions"}],"predecessor-version":[{"id":6839,"href":"https:\/\/www.kulturkreis-wachtendonk.de\/cms\/wp-json\/wp\/v2\/posts\/6720\/revisions\/6839"}],"wp:attachment":[{"href":"https:\/\/www.kulturkreis-wachtendonk.de\/cms\/wp-json\/wp\/v2\/media?parent=6720"}],"wp:term":[{"taxonomy":"category","embeddable":true,"href":"https:\/\/www.kulturkreis-wachtendonk.de\/cms\/wp-json\/wp\/v2\/categories?post=6720"},{"taxonomy":"post_tag","embeddable":true,"href":"https:\/\/www.kulturkreis-wachtendonk.de\/cms\/wp-json\/wp\/v2\/tags?post=6720"}],"curies":[{"name":"wp","href":"https:\/\/api.w.org\/{rel}","templated":true}]}}