{"id":6490,"date":"2017-11-20T08:00:54","date_gmt":"2017-11-20T07:00:54","guid":{"rendered":"http:\/\/www.kulturkreis-wachtendonk.de\/cms\/?p=6490"},"modified":"2017-11-20T08:32:37","modified_gmt":"2017-11-20T07:32:37","slug":"tango-argentino-11","status":"publish","type":"post","link":"https:\/\/www.kulturkreis-wachtendonk.de\/cms\/tango-argentino-11\/","title":{"rendered":"Tango-Argentino"},"content":{"rendered":"<p style=\"text-align: justify;\"><img decoding=\"async\" class=\"alignleft size-thumbnail wp-image-6491\" src=\"http:\/\/www.kulturkreis-wachtendonk.de\/cms\/wp-content\/uploads\/2017\/04\/Tango-Neuss2-200x200.jpg\" alt=\"Tango-Neuss2\" width=\"200\" height=\"200\" \/>\u00a0<strong>Tango-Argentino<\/strong><\/p>\n<p style=\"text-align: justify;\"><strong>Milonga\u00a0mit DJ Walter Reetz <\/strong><\/p>\n<p style=\"text-align: justify;\"><strong> <strong>Freitag, 17.11.2017,\u00a020 Uhr\u00a0(vorher um 19 Uhr pr\u00e1ctica )<\/strong><br \/>\n<\/strong><\/p>\n<p style=\"text-align: justify;\">Der Kulturkreis l\u00e4dt alle Tango-Liebhaber zur Milonga ins \u201eCasa amarilla\u201c (B\u00fcrgerhaus \u201eAltes Kloster\u201c) ein. In besonderem Ambiente sorgt DJ Walter Reetz dann ab 20 Uhr f\u00fcr Rhythmen, bei denen man sich wie in Argentinien f\u00fchlt.<\/p>\n<p style=\"text-align: justify;\">Walter\u00a0Reetz\u00a0hat 1980 mit dem Tanzen begonnen und den \u00fcblichen Weg \u00fcber die Tanzschule genommen. 1995 begann er mit dem Turniertanz Standard und erlangte umfangreiches Wissen \u00fcber K\u00f6rperhaltung, Bewegung und Dynamik. Parallel dazu begann er mit dem Tango Argentino. Er geh\u00f6rte mit zu den Pionieren der Wuppertaler Tango-Szene, in der er seine ersten Tango-Schritte unter Anleitung von Birkit Wildenburg und Muzaffer Demiray (Biki y Muzo) aus Utrecht\/Holland. Es folgten weitere Schulungen und zahlreiche Workshops bei namhaften argentinischen Tango-Lehrern wie Tete, Fabi\u00e1n Salas, Mauricio Castro,\u00a0Mariano <em>Chicho<\/em> Fr\u00famboli und anderen.<\/p>\n<p style=\"text-align: justify;\">Die Liebe zum Tango Argentino lie\u00df ihn schlie\u00dflich das Standard-Tanzen aufgeben. Durch die Kombination des Tango mit anderen T\u00e4nzen entwickelte er seinen ganz eigenen Tanzstil, der sich auch durch seine Vorbilder Fabian Salas und Mauricio Castro stark in Richtung Tango Nuevo orientiert. Aber auch klassischer Tango, sowie Milonga und Vals geh\u00f6ren zu seinem Repertoire. 1999 gestaltete er mit Luis Rodriguez und Dona Piedra das B\u00fchnenst\u00fcck \u201eTango Impressionen\u201c. 1997 wurde er als Tango-DJ in das legend\u00e4re Caf\u00e9 Ada in Wuppertal berufen, wo er schnell als Tango-DJ der Moderne bekannt wurde, der neben dem klassischen Tango der gro\u00dfen Meister wie Pugliese, D\u00b4Arienzo oder Troilo schlie\u00dflich auch Tango Nuevo und Electrotango in die Tanzabende mit einbringt. Auch im Caf\u00e9 Tango in Wuppertal integriert er als DJ klassische Tangos in die Welt des Tango Nuevo. Eine Mischung, die sich auch in seinem Tanzstil widerspiegelt.<\/p>\n<p style=\"text-align: justify;\"><strong>\u201eCasa amarilla\u201c (B\u00fcrgerhaus \u201cAltes Kloster\u201d) <\/strong><\/p>\n","protected":false},"excerpt":{"rendered":"<p>\u00a0Tango-Argentino Milonga\u00a0mit DJ Walter Reetz Freitag, 17.11.2017,\u00a020 Uhr\u00a0(vorher um 19 Uhr pr\u00e1ctica ) Der Kulturkreis l\u00e4dt alle Tango-Liebhaber zur Milonga ins \u201eCasa amarilla\u201c (B\u00fcrgerhaus \u201eAltes Kloster\u201c) ein. In besonderem Ambiente sorgt DJ Walter Reetz dann ab 20 Uhr f\u00fcr Rhythmen, bei denen man sich wie in Argentinien f\u00fchlt. Walter\u00a0Reetz\u00a0hat 1980 mit dem Tanzen begonnen und &#8230; <\/p>\n<p class=\"read-more-container\"><a title=\"Tango-Argentino\" class=\"read-more button\" href=\"https:\/\/www.kulturkreis-wachtendonk.de\/cms\/tango-argentino-11\/#more-6490\" aria-label=\"Mehr Informationen \u00fcber Tango-Argentino\">Weiterlesen &#8230;<\/a><\/p>\n","protected":false},"author":4,"featured_media":0,"comment_status":"closed","ping_status":"closed","sticky":false,"template":"","format":"standard","meta":{"footnotes":""},"categories":[16],"tags":[],"class_list":["post-6490","post","type-post","status-publish","format-standard","hentry","category-veranstaltungsarchiv"],"_links":{"self":[{"href":"https:\/\/www.kulturkreis-wachtendonk.de\/cms\/wp-json\/wp\/v2\/posts\/6490","targetHints":{"allow":["GET"]}}],"collection":[{"href":"https:\/\/www.kulturkreis-wachtendonk.de\/cms\/wp-json\/wp\/v2\/posts"}],"about":[{"href":"https:\/\/www.kulturkreis-wachtendonk.de\/cms\/wp-json\/wp\/v2\/types\/post"}],"author":[{"embeddable":true,"href":"https:\/\/www.kulturkreis-wachtendonk.de\/cms\/wp-json\/wp\/v2\/users\/4"}],"replies":[{"embeddable":true,"href":"https:\/\/www.kulturkreis-wachtendonk.de\/cms\/wp-json\/wp\/v2\/comments?post=6490"}],"version-history":[{"count":10,"href":"https:\/\/www.kulturkreis-wachtendonk.de\/cms\/wp-json\/wp\/v2\/posts\/6490\/revisions"}],"predecessor-version":[{"id":7080,"href":"https:\/\/www.kulturkreis-wachtendonk.de\/cms\/wp-json\/wp\/v2\/posts\/6490\/revisions\/7080"}],"wp:attachment":[{"href":"https:\/\/www.kulturkreis-wachtendonk.de\/cms\/wp-json\/wp\/v2\/media?parent=6490"}],"wp:term":[{"taxonomy":"category","embeddable":true,"href":"https:\/\/www.kulturkreis-wachtendonk.de\/cms\/wp-json\/wp\/v2\/categories?post=6490"},{"taxonomy":"post_tag","embeddable":true,"href":"https:\/\/www.kulturkreis-wachtendonk.de\/cms\/wp-json\/wp\/v2\/tags?post=6490"}],"curies":[{"name":"wp","href":"https:\/\/api.w.org\/{rel}","templated":true}]}}