{"id":6067,"date":"2017-05-22T08:00:24","date_gmt":"2017-05-22T06:00:24","guid":{"rendered":"http:\/\/www.kulturkreis-wachtendonk.de\/cms\/?p=6067"},"modified":"2017-06-26T09:03:43","modified_gmt":"2017-06-26T07:03:43","slug":"krimilesung-2","status":"publish","type":"post","link":"https:\/\/www.kulturkreis-wachtendonk.de\/cms\/krimilesung-2\/","title":{"rendered":"Krimilesung"},"content":{"rendered":"<p><img decoding=\"async\" class=\"alignleft  wp-image-3610\" src=\"http:\/\/www.kulturkreis-wachtendonk.de\/cms\/wp-content\/uploads\/2013\/05\/damkes-150x150.jpg\" alt=\"Ulrike D\u00f6mkes\" width=\"168\" height=\"168\" \/><img decoding=\"async\" class=\"alignleft  wp-image-5954\" src=\"http:\/\/www.kulturkreis-wachtendonk.de\/cms\/wp-content\/uploads\/2016\/11\/Ralf_Kramp_NEU-200x200.jpg\" alt=\"ralf_kramp_neu\" width=\"168\" height=\"168\" \/><img decoding=\"async\" class=\"alignleft  wp-image-6058\" src=\"http:\/\/www.kulturkreis-wachtendonk.de\/cms\/wp-content\/uploads\/2016\/11\/3in1-200x200.jpg\" alt=\"3in1\" width=\"169\" height=\"169\" \/><\/p>\n<p><strong>Ulrike D\u00f6mkes <\/strong><br \/>\n <strong>\u00a0\u00a0\u00a0\u00a0\u00a0\u00a0\u00a0\u00a0\u00a0 &amp; <\/strong><br \/>\n <strong>Ralf Kramp <\/strong><br \/>\n <strong>\u00a0\u00a0\u00a0\u00a0\u00a0\u00a0\u00a0\u00a0\u00a0 &amp; <\/strong><br \/>\n <strong>Sascha Gutzeit<\/strong><\/p>\n<p><strong>Samstag, 20.5.2017,<\/strong><\/p>\n<p><strong>20 Uhr<\/strong><\/p>\n<p>&nbsp;<\/p>\n<p style=\"text-align: justify;\">ULRIKE D\u00d6MKES \u2026 geb. in St. T\u00f6nis, wohnt in Wachtendonk. Sie absolvierte das Studium Textil-Design mit Diplomabschluss an der FH Niederrhein und er\u00f6ffnete 1994 eine Buch- und Weinhandlung in Wachtendonk. 1998 besuchte sie die Wein- und Sommelierschule Koblenz und machte dort den Abschluss als Weinfachberaterin.\u00a0 Im Jahr 2000 verbrachte sie einen l\u00e4ngeren Arbeitsaufenthalt im Weingut Aldo Vajra im Piemont und ist seit 2008 schriftstellerisch t\u00e4tig. Ihre profunden Weinkenntnisse und ihr erz\u00e4hlerisches Talent flie\u00dfen in ihre unterhaltsamen Weinkrimis ein. <br \/>\n Bisher erschien im KBV-Verlag 2014 ihr Kriminalroman \u201eChablis&#8220;, dann 2015 \u201eRoter Riesling&#8220;. Im Herbst 2016 wird \u201eDer Pub der toten Dichter&#8220; folgen.<\/p>\n<p style=\"text-align: justify;\">RALF KRAMP\u2026geb. 1963 in Euskirchen, lebt in einem alten Bauernhaus in der Eifel. F\u00fcr sein Deb\u00fct \u00bbTief unterm Laub\u00ab erhielt er 1996 den F\u00f6rderpreis des Eifel-Literaturfestivals. Seither erschienen mehrere Kriminalromane und zahlreiche Kurzgeschichten. In Hillesheim in der Eifel unterh\u00e4lt er zusammen mit seiner Frau Monika das \u00bbKriminalhaus\u00ab mit dem \u00bbDeutschen Krimi-Archiv\u00ab (30.000 B\u00e4nde), dem \u00bbCaf\u00e9 Sherlock\u00ab, einem Krimi-Antiquariat und der \u00bbBuchhandlung Lesezeichen\u00ab. Mit seinen schwarzhumorigen Kurzkrimis hat er sich nicht nur ein treues Lesepublikum erobert, sondern er tourt auch mit unterhaltsamen Leseabenden durch den deutschsprachigen Raum.<\/p>\n<p style=\"text-align: justify;\">SASCHA GUTZEIT\u20261972 in Wuppertal geboren &#8211; lebt als Autor, Musiker und Schauspieler in der Vulkaneifel. Er schreibt Kriminalgeschichten, Songs, H\u00f6rspiele, sowie Ein-Mann-Theaterst\u00fccke und B\u00fchnenrevuen, komponiert H\u00f6rspiel- und Filmmusik und arbeitet als Sprecher. Ferner steht er als Darsteller, S\u00e4nger, Entertainer und Vorleser auf der B\u00fchne und tourt permanent mit seinen Musiktheaterst\u00fccken, inszenierten Lesungen, Live-H\u00f6rspielen und Konzertprogrammen. Seit September 2013 sind die satirischen Krimib\u00e4nde \u201eTot ist tot, und Schnaps ist Schnaps!&#8220; und \u201eKommste heut nicht, kommste morden!&#8220;, sowie drei H\u00f6rb\u00fccher mit seinem Kult-Ermittler Kommissar-Engelmann-F\u00e4llen im KBV-Verlag erschienen. Nach zahlreichen erfolgreichen Auftritten bei den Bilderbuch-Tagen in Gie\u00dfen, sowie regelm\u00e4\u00dfigen Auff\u00fchrungen seines Kindermusicals \u201eHerr Schrubb und sein Zahnputzabenteuer&#8220; schreibt Sascha Gutzeit nun seinen ersten Kinderkrimi.<\/p>\n<p> (Foto Sascha Gutzeit von\u00a0 Jan Wiesemann)<\/p>\n<p><strong>B\u00fcrgerhaus \u201cAltes Kloster\u201d<\/strong><\/p>\n","protected":false},"excerpt":{"rendered":"<p>Ulrike D\u00f6mkes \u00a0\u00a0\u00a0\u00a0\u00a0\u00a0\u00a0\u00a0\u00a0 &amp; Ralf Kramp \u00a0\u00a0\u00a0\u00a0\u00a0\u00a0\u00a0\u00a0\u00a0 &amp; Sascha Gutzeit Samstag, 20.5.2017, 20 Uhr &nbsp; ULRIKE D\u00d6MKES \u2026 geb. in St. T\u00f6nis, wohnt in Wachtendonk. Sie absolvierte das Studium Textil-Design mit Diplomabschluss an der FH Niederrhein und er\u00f6ffnete 1994 eine Buch- und Weinhandlung in Wachtendonk. 1998 besuchte sie die Wein- und Sommelierschule Koblenz und machte &#8230; <\/p>\n<p class=\"read-more-container\"><a title=\"Krimilesung\" class=\"read-more button\" href=\"https:\/\/www.kulturkreis-wachtendonk.de\/cms\/krimilesung-2\/#more-6067\" aria-label=\"Mehr Informationen \u00fcber Krimilesung\">Weiterlesen &#8230;<\/a><\/p>\n","protected":false},"author":4,"featured_media":0,"comment_status":"closed","ping_status":"closed","sticky":false,"template":"","format":"standard","meta":{"footnotes":""},"categories":[16],"tags":[],"class_list":["post-6067","post","type-post","status-publish","format-standard","hentry","category-veranstaltungsarchiv"],"_links":{"self":[{"href":"https:\/\/www.kulturkreis-wachtendonk.de\/cms\/wp-json\/wp\/v2\/posts\/6067","targetHints":{"allow":["GET"]}}],"collection":[{"href":"https:\/\/www.kulturkreis-wachtendonk.de\/cms\/wp-json\/wp\/v2\/posts"}],"about":[{"href":"https:\/\/www.kulturkreis-wachtendonk.de\/cms\/wp-json\/wp\/v2\/types\/post"}],"author":[{"embeddable":true,"href":"https:\/\/www.kulturkreis-wachtendonk.de\/cms\/wp-json\/wp\/v2\/users\/4"}],"replies":[{"embeddable":true,"href":"https:\/\/www.kulturkreis-wachtendonk.de\/cms\/wp-json\/wp\/v2\/comments?post=6067"}],"version-history":[{"count":14,"href":"https:\/\/www.kulturkreis-wachtendonk.de\/cms\/wp-json\/wp\/v2\/posts\/6067\/revisions"}],"predecessor-version":[{"id":6623,"href":"https:\/\/www.kulturkreis-wachtendonk.de\/cms\/wp-json\/wp\/v2\/posts\/6067\/revisions\/6623"}],"wp:attachment":[{"href":"https:\/\/www.kulturkreis-wachtendonk.de\/cms\/wp-json\/wp\/v2\/media?parent=6067"}],"wp:term":[{"taxonomy":"category","embeddable":true,"href":"https:\/\/www.kulturkreis-wachtendonk.de\/cms\/wp-json\/wp\/v2\/categories?post=6067"},{"taxonomy":"post_tag","embeddable":true,"href":"https:\/\/www.kulturkreis-wachtendonk.de\/cms\/wp-json\/wp\/v2\/tags?post=6067"}],"curies":[{"name":"wp","href":"https:\/\/api.w.org\/{rel}","templated":true}]}}