{"id":6051,"date":"2017-11-26T15:40:07","date_gmt":"2017-11-26T14:40:07","guid":{"rendered":"http:\/\/www.kulturkreis-wachtendonk.de\/cms\/?p=6051"},"modified":"2017-11-27T13:34:30","modified_gmt":"2017-11-27T12:34:30","slug":"konzert-20","status":"publish","type":"post","link":"https:\/\/www.kulturkreis-wachtendonk.de\/cms\/konzert-20\/","title":{"rendered":"Konzert"},"content":{"rendered":"<p><img decoding=\"async\" class=\"alignleft size-thumbnail wp-image-6046\" src=\"http:\/\/www.kulturkreis-wachtendonk.de\/cms\/wp-content\/uploads\/2016\/11\/Trio-ROJal-2-200x200.jpg\" alt=\"trio-rojal-2\" width=\"200\" height=\"200\" \/><strong>Trio ROJal<br \/>\n\u201eAllein unter Frauen\u201c <br \/>\n<\/strong><\/p>\n<p style=\"text-align: justify;\"><strong>Samstag, 25.11.2017,\u00a0 <\/strong><strong>20 Uhr<\/strong><\/p>\n<p style=\"text-align: justify;\">\u00a0<\/p>\n<p style=\"text-align: justify;\">Es waren einmal zwei K\u00f6nigskinder, die wollten zusammen singen und luden sich einen Prinzen ein &#8230;..Nein, <em>ganz<\/em> so k\u00f6niglich ist die Geschichte von Trio ROJal nicht &#8230;<\/p>\n<p style=\"text-align: justify;\">Vielmehr wollten Rena Jan\u00dfen und Susanne Riediger ein neues Gesangsprojekt miteinander verwirk\u00adlichen: A-cappella-Gesang in absoluter Minimalbesetzung. Was\u00a0 fehlte, war ein Prinz. Und sie fanden einen! In der Prinzenrolle: Adrian Kroneberger, ein fantastischer S\u00e4nger mit wahrhaft k\u00f6niglichem Humor. Trio ROJal sind Susanne Riediger (Alt), Adrian Kroneberger (Tenor) und Rena Jan\u00dfen (Sopran).<\/p>\n<p style=\"text-align: justify;\">Das aktuelle Programm: <strong>&#8222;ALLEIN UNTER FRAUEN &#8211; a cappella \u00e0 trois&#8220;<\/strong><\/p>\n<p style=\"text-align: justify;\">Was das bedeutet? Nun, das ist den Vertretern des m\u00e4nnlichen Geschlechts bestimmt unmittelbar einleuchtend, aber auch die Frau an sich wird die Brisanz, die hinter diesem Titel steckt, erkennen.<\/p>\n<p style=\"text-align: justify;\">Der Tenor geht nach intensiven Proben mit zwei Frauen etwas auf dem Zahnfleisch. Er hofft darauf, dass das Publikum ihm mit aufmunterndem und mitf\u00fchlendem Applaus solidarisch unter die Arme greift. Vorher aber gibt es feinsten A-Cappella-Gesang crossover in der au\u00dferge\u00adw\u00f6hnlichen Minimalbesetzung zu Dritt &#8211; von Bernstein bis Beatles, Brahms bis Dusty Springfield, von Liebe und Chili con Carne, von Geschlechterkampf bis Tango, Jazz und Pop.<\/p>\n<p style=\"text-align: justify;\"><strong>Die S\u00e4nger-\/innen:<\/strong><\/p>\n<p style=\"text-align: justify;\"><strong>Rena Jan\u00dfen<\/strong> ist eine ins Ruhrgebiet migrierte Norddeutsche, S\u00e4ngerin und Multi-Instrumentalistin. Sie spielt neben diversen anderen Instrumenten Akkordeon. Auf diesem begleitet sie sich gern selbst, wenn sie ihrer zweiten gro\u00dfen Leidenschaft nachgeht: dem Gesang. Seit ihrer mehrj\u00e4hrigen Jazzge\u00adsangausbildung u. a. bei Monika Linges singt sie in verschiedenen Ensembles; ihr Spektrum reicht da\u00adbei von Politsongs \u00fcber Jazzstandards und klassischen Gesang bis Chansons. Seit l\u00e4ngerem widmet sie sich schwerpunktm\u00e4\u00dfig dem A-cappella-Gesang, dem Jazz (\u201eSwing Affair\u201c Dinslaken, \u201eM. Jones Quintett\u201c Essen) und Brecht-Liedern, f\u00fcr die sie eine besondere Vorliebe hat.<\/p>\n<p style=\"text-align: justify;\"><strong>Adrian Kroneberger <\/strong> wuchs im Rheingau auf, lebt aber mittlerweile seit vielen Jahren im Ruhrgebiet. Singen lernte er bei Ilona Szamos und sp\u00e4ter in seinem Gesangsstudium an der Folkwang Universit\u00e4t der K\u00fcnste in Essen. Seither arbeitet er an vielen Theatern im deutschsprachigen Raum und singt Musical, Operette und Oper. Au\u00dferdem gibt er regelm\u00e4\u00dfig eigene Liederabende. Aufnahmen machte er bei verschiedenen Studios und Rundfunkanstalten, so u. a. beim WDR, HR und SWR. Neben dem Solo-Gesang und seinen T\u00e4tigkeiten als Vocalcoach und Moderator eroberte er sich auch die Welt des A-cappella-Gesangs, so z. B. mit dem Jazz\/Pop-Ensemble COLOGNE VOICES und im klassi\u00adschen Bereich mit dem Vokalensemble Opella Nova.<\/p>\n<p style=\"text-align: justify;\"><strong>Susanne Riediger<\/strong> ist als geb\u00fcrtige Rheinl\u00e4nderin im Ruhrgebiet angelandet. Sie erhielt seit fr\u00fcher Kindheit Musikunterricht, zun\u00e4chst in Musiktheorie und Blockfl\u00f6ten, sp\u00e4ter in Querfl\u00f6te und Gesang. Nach dem C-Kirchenmusikexamen schloss sie ein Musikstudium mit den F\u00e4chern Gesang und Quer\u00adfl\u00f6te an der Universit\u00e4t Dortmund ab. Sie konzertiert heute in verschiedenen kammermusikalischen Formationen als S\u00e4ngerin und Fl\u00f6tistin (Vokalensemble Opella Nova, Trio I Fiati). Au\u00dferdem ist sie als Chorleiterin und Vocalcoach t\u00e4tig. Neben der klassischen Instrumentalmusik hat sie sich vor allem dem A-cappella-Gesang von Alter Musik bis Jazz, Pop und Chanson verschrieben.<\/p>\n<p><strong>B\u00fcrgerhaus \u201cAltes Kloster\u201d<\/strong><\/p>\n","protected":false},"excerpt":{"rendered":"<p>Trio ROJal \u201eAllein unter Frauen\u201c Samstag, 25.11.2017,\u00a0 20 Uhr \u00a0 Es waren einmal zwei K\u00f6nigskinder, die wollten zusammen singen und luden sich einen Prinzen ein &#8230;..Nein, ganz so k\u00f6niglich ist die Geschichte von Trio ROJal nicht &#8230; Vielmehr wollten Rena Jan\u00dfen und Susanne Riediger ein neues Gesangsprojekt miteinander verwirk\u00adlichen: A-cappella-Gesang in absoluter Minimalbesetzung. Was\u00a0 fehlte, &#8230; <\/p>\n<p class=\"read-more-container\"><a title=\"Konzert\" class=\"read-more button\" href=\"https:\/\/www.kulturkreis-wachtendonk.de\/cms\/konzert-20\/#more-6051\" aria-label=\"Mehr Informationen \u00fcber Konzert\">Weiterlesen &#8230;<\/a><\/p>\n","protected":false},"author":4,"featured_media":0,"comment_status":"closed","ping_status":"closed","sticky":false,"template":"","format":"standard","meta":{"footnotes":""},"categories":[16],"tags":[],"class_list":["post-6051","post","type-post","status-publish","format-standard","hentry","category-veranstaltungsarchiv"],"_links":{"self":[{"href":"https:\/\/www.kulturkreis-wachtendonk.de\/cms\/wp-json\/wp\/v2\/posts\/6051","targetHints":{"allow":["GET"]}}],"collection":[{"href":"https:\/\/www.kulturkreis-wachtendonk.de\/cms\/wp-json\/wp\/v2\/posts"}],"about":[{"href":"https:\/\/www.kulturkreis-wachtendonk.de\/cms\/wp-json\/wp\/v2\/types\/post"}],"author":[{"embeddable":true,"href":"https:\/\/www.kulturkreis-wachtendonk.de\/cms\/wp-json\/wp\/v2\/users\/4"}],"replies":[{"embeddable":true,"href":"https:\/\/www.kulturkreis-wachtendonk.de\/cms\/wp-json\/wp\/v2\/comments?post=6051"}],"version-history":[{"count":12,"href":"https:\/\/www.kulturkreis-wachtendonk.de\/cms\/wp-json\/wp\/v2\/posts\/6051\/revisions"}],"predecessor-version":[{"id":6785,"href":"https:\/\/www.kulturkreis-wachtendonk.de\/cms\/wp-json\/wp\/v2\/posts\/6051\/revisions\/6785"}],"wp:attachment":[{"href":"https:\/\/www.kulturkreis-wachtendonk.de\/cms\/wp-json\/wp\/v2\/media?parent=6051"}],"wp:term":[{"taxonomy":"category","embeddable":true,"href":"https:\/\/www.kulturkreis-wachtendonk.de\/cms\/wp-json\/wp\/v2\/categories?post=6051"},{"taxonomy":"post_tag","embeddable":true,"href":"https:\/\/www.kulturkreis-wachtendonk.de\/cms\/wp-json\/wp\/v2\/tags?post=6051"}],"curies":[{"name":"wp","href":"https:\/\/api.w.org\/{rel}","templated":true}]}}