{"id":6029,"date":"2017-09-25T08:00:53","date_gmt":"2017-09-25T06:00:53","guid":{"rendered":"http:\/\/www.kulturkreis-wachtendonk.de\/cms\/?p=6029"},"modified":"2017-09-25T09:30:47","modified_gmt":"2017-09-25T07:30:47","slug":"konzert-16","status":"publish","type":"post","link":"https:\/\/www.kulturkreis-wachtendonk.de\/cms\/konzert-16\/","title":{"rendered":"Konzert"},"content":{"rendered":"<p><strong><img decoding=\"async\" class=\"alignleft size-thumbnail wp-image-6016\" src=\"http:\/\/www.kulturkreis-wachtendonk.de\/cms\/wp-content\/uploads\/2016\/11\/Christina-Lux-Foto_Manfred_Pollert_2-200x200.jpg\" alt=\"christina-lux-foto_manfred_pollert_2\" width=\"200\" height=\"200\" \/><\/strong><strong>Christina Lux<br \/>\n <\/strong><em><strong>&#8222;soulfolkphilosophies&#8220;<\/strong><\/em><\/p>\n<p><strong>Freitag, <\/strong><strong>22.9.2017, <\/strong><strong>20 Uhr<\/strong><\/p>\n<p>&nbsp;<\/p>\n<p style=\"text-align: justify;\" align=\"LEFT\">Charismatisch, innig und eigen ist die Musik von Christina Lux. Ohne Br\u00fcche mischt sie die englische und die deutsche Sprache, macht ihre Gitarre zu einer ganzen Band und erz\u00e4hlt wunderbare, kleine philosophische Geschichten zwischen den Songs. Glitzerpop ist nicht ihre Sache. Lux strahlt anders. Ihre Musik hat eine ber\u00fchrende Intensit\u00e4t, ist minimalitisch und direkt. Worte und Musik, r\u00fctteln an gewohnten Wegen und eingeschlafenen Tr\u00e4umen. Ihre Stimme ist gro\u00df, kann erz\u00e4hlen, sanft schmeicheln und unb\u00e4ndig ausbrechen aus dem Gewohnten und dar\u00fcber hinaus ist sie eine wunderbare Gitarristin. Eine Perle im Meer der Songschreiber.<\/p>\n<p style=\"text-align: justify;\" align=\"LEFT\">Christina Lux brachte ihre erste CD 1998 heraus. Mitte 1980 begann sie als S\u00e4ngerin\u00a0einer Rockband, reiste dann durch die Welt des Jazz, landete in der\u00a0 multikulturellen A Cappella Band Vocaleros und begann 1996 eigene Songs zu schreiben. Ihr siebtes Album &#8222;Playground&#8220; war 2012 f\u00fcr den Preis der deutschen Schallplattenkritik nominiert. Ebenso das aktuelle Album &#8222;Embrace&#8220; feat. Bodek Janke von 2015. Die aus Karlsruhe stammende und heute in K\u00f6ln lebende Musikerin arbeitete mit Edo Zanki, Laith al Deen, Purple Schulz, Fury In The Slaughterhouse, Jon Lord (Deep Purple), Chris Jones und Mick Karn, Stoppok u.v.a. Sie tourte mit Paul Young, Tuck &amp; Patti, Long John Baldry, Status Quo, Midge Ure, Henrik Freischlader u.v.a.. (Foto: Manfred Pollert)<\/p>\n<p style=\"text-align: justify;\"><strong>B\u00fcrgerhaus \u201cAltes Kloster\u201d<\/strong><\/p>\n","protected":false},"excerpt":{"rendered":"<p>Christina Lux &#8222;soulfolkphilosophies&#8220; Freitag, 22.9.2017, 20 Uhr &nbsp; Charismatisch, innig und eigen ist die Musik von Christina Lux. Ohne Br\u00fcche mischt sie die englische und die deutsche Sprache, macht ihre Gitarre zu einer ganzen Band und erz\u00e4hlt wunderbare, kleine philosophische Geschichten zwischen den Songs. Glitzerpop ist nicht ihre Sache. Lux strahlt anders. Ihre Musik hat &#8230; <\/p>\n<p class=\"read-more-container\"><a title=\"Konzert\" class=\"read-more button\" href=\"https:\/\/www.kulturkreis-wachtendonk.de\/cms\/konzert-16\/#more-6029\" aria-label=\"Mehr Informationen \u00fcber Konzert\">Weiterlesen &#8230;<\/a><\/p>\n","protected":false},"author":4,"featured_media":0,"comment_status":"closed","ping_status":"closed","sticky":false,"template":"","format":"standard","meta":{"footnotes":""},"categories":[16],"tags":[],"class_list":["post-6029","post","type-post","status-publish","format-standard","hentry","category-veranstaltungsarchiv"],"_links":{"self":[{"href":"https:\/\/www.kulturkreis-wachtendonk.de\/cms\/wp-json\/wp\/v2\/posts\/6029","targetHints":{"allow":["GET"]}}],"collection":[{"href":"https:\/\/www.kulturkreis-wachtendonk.de\/cms\/wp-json\/wp\/v2\/posts"}],"about":[{"href":"https:\/\/www.kulturkreis-wachtendonk.de\/cms\/wp-json\/wp\/v2\/types\/post"}],"author":[{"embeddable":true,"href":"https:\/\/www.kulturkreis-wachtendonk.de\/cms\/wp-json\/wp\/v2\/users\/4"}],"replies":[{"embeddable":true,"href":"https:\/\/www.kulturkreis-wachtendonk.de\/cms\/wp-json\/wp\/v2\/comments?post=6029"}],"version-history":[{"count":14,"href":"https:\/\/www.kulturkreis-wachtendonk.de\/cms\/wp-json\/wp\/v2\/posts\/6029\/revisions"}],"predecessor-version":[{"id":6686,"href":"https:\/\/www.kulturkreis-wachtendonk.de\/cms\/wp-json\/wp\/v2\/posts\/6029\/revisions\/6686"}],"wp:attachment":[{"href":"https:\/\/www.kulturkreis-wachtendonk.de\/cms\/wp-json\/wp\/v2\/media?parent=6029"}],"wp:term":[{"taxonomy":"category","embeddable":true,"href":"https:\/\/www.kulturkreis-wachtendonk.de\/cms\/wp-json\/wp\/v2\/categories?post=6029"},{"taxonomy":"post_tag","embeddable":true,"href":"https:\/\/www.kulturkreis-wachtendonk.de\/cms\/wp-json\/wp\/v2\/tags?post=6029"}],"curies":[{"name":"wp","href":"https:\/\/api.w.org\/{rel}","templated":true}]}}