{"id":6007,"date":"2017-08-28T11:00:06","date_gmt":"2017-08-28T09:00:06","guid":{"rendered":"http:\/\/www.kulturkreis-wachtendonk.de\/cms\/?p=6007"},"modified":"2017-08-28T11:54:20","modified_gmt":"2017-08-28T09:54:20","slug":"jazz-more-3","status":"publish","type":"post","link":"https:\/\/www.kulturkreis-wachtendonk.de\/cms\/jazz-more-3\/","title":{"rendered":"Jazz &#038; more"},"content":{"rendered":"<p><img decoding=\"async\" class=\"alignleft size-thumbnail wp-image-6001\" src=\"http:\/\/www.kulturkreis-wachtendonk.de\/cms\/wp-content\/uploads\/2016\/11\/Jazz-2017-SuperNova-JazzBand-mit-Logo-1-200x200.jpeg\" alt=\"jazz-2017-supernova-jazzband-mit-logo\" width=\"200\" height=\"200\" \/><img decoding=\"async\" class=\"alignleft size-thumbnail wp-image-5950\" src=\"http:\/\/www.kulturkreis-wachtendonk.de\/cms\/wp-content\/uploads\/2016\/11\/Ring-of-Kerry1-200x200.jpg\" alt=\"ring-of-kerry1\" width=\"200\" height=\"200\" \/><\/p>\n<p><strong>Jazz &amp; more an der Burgruine<\/strong><\/p>\n<p>&nbsp;<\/p>\n<p><strong>SuperNova JazzBand <br \/>\n \u00a0\u00a0\u00a0\u00a0\u00a0\u00a0\u00a0\u00a0\u00a0\u00a0\u00a0\u00a0\u00a0\u00a0\u00a0\u00a0\u00a0\u00a0 &amp; <br \/>\n Ring of Kerry \u2013 Irish Folk<\/strong><\/p>\n<p>&nbsp;<\/p>\n<p><strong>Sonntag, 27.8.2017,\u00a011 bis 15 Uhr<\/strong><\/p>\n<p style=\"text-align: justify;\">\u00a0<\/p>\n<p style=\"text-align: justify;\"><strong>SuperNova JazzBand<\/strong><\/p>\n<p style=\"text-align: justify;\">Die Supernovas begeistern mit einem vielseitigen Repertoire in der klassischen Combo Besetzung &#8211; Rhythmusgruppe mit Bl\u00e4sern. Zu Geh\u00f6r kommen Jazz Standards von Swing bis Latin ebenso wie eigene St\u00fccke, die perfekt auf die Besetzung der Combo abgestimmt sind. Die Arrangements variieren und sind \u00fcberraschend vielseitig, obwohl die Gruppe grunds\u00e4tzlich auf elektronische Spielereien verzichtet. Der Stil der Musiker und der naturbelassene Klang der Instrumente stehen im Vordergrund, wenn sich die arrangierten S\u00e4tze mit freien Improvisationen abwechseln.<br \/>\n Freuen Sie sich auf einen abwechslungsreichen und ausgesprochen musikalischen Vormittag mit der Supernova JazzBand.<\/p>\n<p style=\"text-align: justify;\">\u00a0<strong>Ring of Kerry \u2013 Irish Folk<\/strong><\/p>\n<p style=\"text-align: justify;\">Sehenswert ist der Ring of Kerry, eine 179 km lange Panoramak\u00fcstenstra\u00dfe im County Kerry im S\u00fcdwesten Irlands allemal. H\u00f6renswert ist, wie die Band &#8222;Ring of Kerry&#8220; mit ihrer Musik einen Hauch Irland nach Deutschland holen. Sowohl traditionelle Songs als auch Lieder mit Mitsingcharakter und gef\u00fchlvolle Balladen stehen auf dem Programm.\u00a0 Gesang, Gitarre, Bass und Mandoline, begleitet mit Tin Whistles und Mundharmonika, vorangetrieben mit der Bodhran, das ist die Formel ehrliche und handgemachte Musik zu pr\u00e4sentieren. <br \/>\n Mit abwechslungsreichem und kraftvollem Irish Folk, abgerundet mit musikalischen Ausfl\u00fcgen nach Schottland und in die USA, hat sich die Band einen festen Fankreis in der Region erarbeitet. Egal ob in Pubs, bei Stra\u00dfenfesten, auf Festivals oder zu privaten Anl\u00e4ssen: \u201eRing of Kerry\u201c ist \u00fcberall zuhause, wo handgemachter Irish Folk und irische Lebensfreude gefragt sind.<\/p>\n<p style=\"text-align: justify;\"><strong>Burgruine, Dammweg<\/strong><\/p>\n<p style=\"text-align: justify;\">\u00a0<\/p>\n","protected":false},"excerpt":{"rendered":"<p>Jazz &amp; more an der Burgruine &nbsp; SuperNova JazzBand \u00a0\u00a0\u00a0\u00a0\u00a0\u00a0\u00a0\u00a0\u00a0\u00a0\u00a0\u00a0\u00a0\u00a0\u00a0\u00a0\u00a0\u00a0 &amp; Ring of Kerry \u2013 Irish Folk &nbsp; Sonntag, 27.8.2017,\u00a011 bis 15 Uhr \u00a0 SuperNova JazzBand Die Supernovas begeistern mit einem vielseitigen Repertoire in der klassischen Combo Besetzung &#8211; Rhythmusgruppe mit Bl\u00e4sern. Zu Geh\u00f6r kommen Jazz Standards von Swing bis Latin ebenso wie eigene St\u00fccke, &#8230; <\/p>\n<p class=\"read-more-container\"><a title=\"Jazz &#038; more\" class=\"read-more button\" href=\"https:\/\/www.kulturkreis-wachtendonk.de\/cms\/jazz-more-3\/#more-6007\" aria-label=\"Mehr Informationen \u00fcber Jazz &#038; more\">Weiterlesen &#8230;<\/a><\/p>\n","protected":false},"author":4,"featured_media":0,"comment_status":"closed","ping_status":"closed","sticky":false,"template":"","format":"standard","meta":{"footnotes":""},"categories":[16],"tags":[],"class_list":["post-6007","post","type-post","status-publish","format-standard","hentry","category-veranstaltungsarchiv"],"_links":{"self":[{"href":"https:\/\/www.kulturkreis-wachtendonk.de\/cms\/wp-json\/wp\/v2\/posts\/6007","targetHints":{"allow":["GET"]}}],"collection":[{"href":"https:\/\/www.kulturkreis-wachtendonk.de\/cms\/wp-json\/wp\/v2\/posts"}],"about":[{"href":"https:\/\/www.kulturkreis-wachtendonk.de\/cms\/wp-json\/wp\/v2\/types\/post"}],"author":[{"embeddable":true,"href":"https:\/\/www.kulturkreis-wachtendonk.de\/cms\/wp-json\/wp\/v2\/users\/4"}],"replies":[{"embeddable":true,"href":"https:\/\/www.kulturkreis-wachtendonk.de\/cms\/wp-json\/wp\/v2\/comments?post=6007"}],"version-history":[{"count":14,"href":"https:\/\/www.kulturkreis-wachtendonk.de\/cms\/wp-json\/wp\/v2\/posts\/6007\/revisions"}],"predecessor-version":[{"id":6199,"href":"https:\/\/www.kulturkreis-wachtendonk.de\/cms\/wp-json\/wp\/v2\/posts\/6007\/revisions\/6199"}],"wp:attachment":[{"href":"https:\/\/www.kulturkreis-wachtendonk.de\/cms\/wp-json\/wp\/v2\/media?parent=6007"}],"wp:term":[{"taxonomy":"category","embeddable":true,"href":"https:\/\/www.kulturkreis-wachtendonk.de\/cms\/wp-json\/wp\/v2\/categories?post=6007"},{"taxonomy":"post_tag","embeddable":true,"href":"https:\/\/www.kulturkreis-wachtendonk.de\/cms\/wp-json\/wp\/v2\/tags?post=6007"}],"curies":[{"name":"wp","href":"https:\/\/api.w.org\/{rel}","templated":true}]}}