{"id":5995,"date":"2017-08-17T15:32:23","date_gmt":"2017-08-17T13:32:23","guid":{"rendered":"http:\/\/www.kulturkreis-wachtendonk.de\/cms\/?p=5995"},"modified":"2017-08-18T10:08:52","modified_gmt":"2017-08-18T08:08:52","slug":"kindertheater-6","status":"publish","type":"post","link":"https:\/\/www.kulturkreis-wachtendonk.de\/cms\/kindertheater-6\/","title":{"rendered":"Kindertheater"},"content":{"rendered":"<p><img decoding=\"async\" class=\"alignleft size-thumbnail wp-image-5948\" src=\"http:\/\/www.kulturkreis-wachtendonk.de\/cms\/wp-content\/uploads\/2016\/11\/Kindertheater-2017-Kaiser2-200x200.jpg\" alt=\"kindertheater-2017-kaiser2\" width=\"200\" height=\"200\" \/><\/p>\n<p><strong>Theater Tom Teuers <br \/>\n<\/strong><strong>&#8222;Des Kaisers neue Kleider\u201c<\/strong><\/p>\n<p><strong>Mittwoch, 16.8.2017, <\/strong><strong>16 Uhr<\/strong><\/p>\n<p>&nbsp;<\/p>\n<p style=\"text-align: justify;\">Es lebte einmal ein Kaiser, der liebte sch\u00f6ne Kleider so sehr, dass er sein ganzes Geld daf\u00fcr ausgab. Dabei verga\u00df er, sich um sein Volk und sein Kaiserreich zu k\u00fcmmern. Und es lebte zur selben Zeit ein Schneider, der dem Kaiser zeigte, wie eitel und faul er war. Er versprach dem Kaiser die sch\u00f6nsten Kleider zu n\u00e4hen, so sch\u00f6n, wie er sie noch nie gesehen hatte. Und nicht nur das &#8211; diese Kleider sollten f\u00fcr dumme Menschen und solche, die in ihrem Amt nichts taugen, unsichtbar sein. Der Kaiser wollte diese Kleider unbedingt haben, um sich vor seinem Volke zu zeigen und zu erkennen, wer an seinem Hof nichts tauge. Bei der Anprobe der Kleider, lie\u00df sich niemand an des Kaisers Hof &#8211; auch der Kaiser selbst nicht &#8211; anmerken, dass sie die Kleider nicht sehen konnten. Bis der Kaiser sich\u00a0\u00a0 seinem Volke zeigte, &#8230; .<\/p>\n<p style=\"text-align: justify;\">Das Theater Tom Teuer zeigt Hans Christian Andersens M\u00e4rchen \u00fcber die Eitelkeit und Leichtgl\u00e4ubigkeit in barockem Gewand, erz\u00e4hlt von dem Herrenschneider Konrad Knopfloch, der gerne aus dem N\u00e4hk\u00e4stchen plaudert und dabei auch schon einmal den Faden verliert. Konrad Knopfloch l\u00e4sst den selbstverliebtesten Kaiser aller Zeiten mit seinem Kr\u00f6nchen tragenden Hund Gucci, G\u00fcstav, des Kaisers aller \u00e4ltesten Diener und Meister Yves Saint Nadel\u00f6hr, den Erfinder der niegesehenen Kleider, auftreten.<\/p>\n<p style=\"text-align: justify;\">Das St\u00fcck ist die 14. Kindertheaterproduktion des Theater Tom Teuer. Tom Teuer zog nach einer Lehre als Dekorationstischler und der Ausbildung am Pantomimestudio Dresden 1986 nach Duisburg. Dort arbeitete er als Tischler, Techniker an einem Tourneetheater und nahm Schauspielunterricht.<br \/>\n1988 Gr\u00fcndung des Theater TOM TEUER. Seitdem spielt das Theater j\u00e4hrlich ca. 120 Vorstellungen in der gesamten Bundesrepublik, in Belgien und Italien.<\/p>\n<p style=\"text-align: justify;\"><strong>B\u00fcrgerhaus \u201cAltes Kloster\u201d<\/strong><\/p>\n","protected":false},"excerpt":{"rendered":"<p>Theater Tom Teuers &#8222;Des Kaisers neue Kleider\u201c Mittwoch, 16.8.2017, 16 Uhr &nbsp; Es lebte einmal ein Kaiser, der liebte sch\u00f6ne Kleider so sehr, dass er sein ganzes Geld daf\u00fcr ausgab. Dabei verga\u00df er, sich um sein Volk und sein Kaiserreich zu k\u00fcmmern. Und es lebte zur selben Zeit ein Schneider, der dem Kaiser zeigte, wie &#8230; <\/p>\n<p class=\"read-more-container\"><a title=\"Kindertheater\" class=\"read-more button\" href=\"https:\/\/www.kulturkreis-wachtendonk.de\/cms\/kindertheater-6\/#more-5995\" aria-label=\"Mehr Informationen \u00fcber Kindertheater\">Weiterlesen &#8230;<\/a><\/p>\n","protected":false},"author":4,"featured_media":0,"comment_status":"closed","ping_status":"closed","sticky":false,"template":"","format":"standard","meta":{"footnotes":""},"categories":[16],"tags":[],"class_list":["post-5995","post","type-post","status-publish","format-standard","hentry","category-veranstaltungsarchiv"],"_links":{"self":[{"href":"https:\/\/www.kulturkreis-wachtendonk.de\/cms\/wp-json\/wp\/v2\/posts\/5995","targetHints":{"allow":["GET"]}}],"collection":[{"href":"https:\/\/www.kulturkreis-wachtendonk.de\/cms\/wp-json\/wp\/v2\/posts"}],"about":[{"href":"https:\/\/www.kulturkreis-wachtendonk.de\/cms\/wp-json\/wp\/v2\/types\/post"}],"author":[{"embeddable":true,"href":"https:\/\/www.kulturkreis-wachtendonk.de\/cms\/wp-json\/wp\/v2\/users\/4"}],"replies":[{"embeddable":true,"href":"https:\/\/www.kulturkreis-wachtendonk.de\/cms\/wp-json\/wp\/v2\/comments?post=5995"}],"version-history":[{"count":8,"href":"https:\/\/www.kulturkreis-wachtendonk.de\/cms\/wp-json\/wp\/v2\/posts\/5995\/revisions"}],"predecessor-version":[{"id":6655,"href":"https:\/\/www.kulturkreis-wachtendonk.de\/cms\/wp-json\/wp\/v2\/posts\/5995\/revisions\/6655"}],"wp:attachment":[{"href":"https:\/\/www.kulturkreis-wachtendonk.de\/cms\/wp-json\/wp\/v2\/media?parent=5995"}],"wp:term":[{"taxonomy":"category","embeddable":true,"href":"https:\/\/www.kulturkreis-wachtendonk.de\/cms\/wp-json\/wp\/v2\/categories?post=5995"},{"taxonomy":"post_tag","embeddable":true,"href":"https:\/\/www.kulturkreis-wachtendonk.de\/cms\/wp-json\/wp\/v2\/tags?post=5995"}],"curies":[{"name":"wp","href":"https:\/\/api.w.org\/{rel}","templated":true}]}}