{"id":5973,"date":"2017-06-26T08:28:15","date_gmt":"2017-06-26T06:28:15","guid":{"rendered":"http:\/\/www.kulturkreis-wachtendonk.de\/cms\/?p=5973"},"modified":"2017-06-26T09:02:33","modified_gmt":"2017-06-26T07:02:33","slug":"kabarett-10","status":"publish","type":"post","link":"https:\/\/www.kulturkreis-wachtendonk.de\/cms\/kabarett-10\/","title":{"rendered":"Kabarett"},"content":{"rendered":"<p><img decoding=\"async\" class=\"alignleft size-thumbnail wp-image-5951\" src=\"http:\/\/www.kulturkreis-wachtendonk.de\/cms\/wp-content\/uploads\/2016\/11\/Ingo-Oschmann-Pressefoto-Wunderbar-200x200.jpg\" alt=\"ingo-oschmann-pressefoto-wunderbar\" width=\"200\" height=\"200\" \/><\/p>\n<p><strong>Ingo Oschmann<\/strong><\/p>\n<p><strong>\u201eWunderbar \u2013 Es ist ja so!\u201c<\/strong><\/p>\n<p><strong>Samstag, 24.6.2017, 20 Uhr<\/strong><\/p>\n<p>Ingo Oschmann, die Stimmungskanone aus der ostwestf\u00e4lischen Humorhochburg Bielefeld kommt mit seiner Live-Show: \u201eWunderbar -Es ist ja so!\u201c. Sein Programm ist jeden Abend anders und einzigartig. Jeder, der Ingo einmal live gesehen hat, l\u00e4sst sich immer wieder gerne von ihm begeistern. Stand up Comedy, Zauberkunst, Improvisation, die 80iger Jahre und so mancher Tiefgang sorgen f\u00fcr einen Abend der Spitzenklasse.<\/p>\n<p>500 Freunde bei Facebook und trotzdem ist Kevin allein zu Haus. Bilder, Musik und Freunde sind pl\u00f6tzlich virtuell und l\u00f6schbar?! Jeder hat zu allem und zu jedem was zu sagen und wenn wir wirklich mal sprachlos sind, dann regelt das eine App f\u00fcr uns. Alles um uns herum ist unser Leben und dar\u00fcber darf an diesem Abend nachgedacht und herzlich gelacht werden.<\/p>\n<p>Ingo gibt wie immer alles, denn alles kann, nichts muss, aber alles muss raus! Kein anderer Comedyk\u00fcnstler schafft den Spagat zwischen Stand-up Comedy, Improvisation und feiner Zauberei so gekonnt wie er und begeistert durch diese exklusive Mischung sein Publikum immer wieder mit Leichtigkeit. Dabei bleibt der Kleink\u00fcnstler (er ist nur 1,72 cm gro\u00df) immer \u00fcber der G\u00fcrtellinie. \u201eWUNDERBAR &#8211; Es ist ja so!\u201c ist ein wortreicher, magischer Abend, der sein Publikum in kalten Zeiten mit einem warmen Herzen entl\u00e4sst. Denn Ingo hat nicht nur sein ganz eigenes Genre erfunden, er verbreitet neben der Oschmann\u2018schen \u201eWohlf\u00fchl-Unterhaltung\u201c noch eine Botschaft: \u201eLachen ohne Reue\u201c.<\/p>\n<p style=\"text-align: justify;\"><strong>B\u00fcrgerhaus \u201cAltes Kloster\u201d<\/strong><\/p>\n","protected":false},"excerpt":{"rendered":"<p>Ingo Oschmann \u201eWunderbar \u2013 Es ist ja so!\u201c Samstag, 24.6.2017, 20 Uhr Ingo Oschmann, die Stimmungskanone aus der ostwestf\u00e4lischen Humorhochburg Bielefeld kommt mit seiner Live-Show: \u201eWunderbar -Es ist ja so!\u201c. Sein Programm ist jeden Abend anders und einzigartig. Jeder, der Ingo einmal live gesehen hat, l\u00e4sst sich immer wieder gerne von ihm begeistern. Stand up &#8230; <\/p>\n<p class=\"read-more-container\"><a title=\"Kabarett\" class=\"read-more button\" href=\"https:\/\/www.kulturkreis-wachtendonk.de\/cms\/kabarett-10\/#more-5973\" aria-label=\"Mehr Informationen \u00fcber Kabarett\">Weiterlesen &#8230;<\/a><\/p>\n","protected":false},"author":4,"featured_media":0,"comment_status":"closed","ping_status":"closed","sticky":false,"template":"","format":"standard","meta":{"footnotes":""},"categories":[16],"tags":[],"class_list":["post-5973","post","type-post","status-publish","format-standard","hentry","category-veranstaltungsarchiv"],"_links":{"self":[{"href":"https:\/\/www.kulturkreis-wachtendonk.de\/cms\/wp-json\/wp\/v2\/posts\/5973","targetHints":{"allow":["GET"]}}],"collection":[{"href":"https:\/\/www.kulturkreis-wachtendonk.de\/cms\/wp-json\/wp\/v2\/posts"}],"about":[{"href":"https:\/\/www.kulturkreis-wachtendonk.de\/cms\/wp-json\/wp\/v2\/types\/post"}],"author":[{"embeddable":true,"href":"https:\/\/www.kulturkreis-wachtendonk.de\/cms\/wp-json\/wp\/v2\/users\/4"}],"replies":[{"embeddable":true,"href":"https:\/\/www.kulturkreis-wachtendonk.de\/cms\/wp-json\/wp\/v2\/comments?post=5973"}],"version-history":[{"count":7,"href":"https:\/\/www.kulturkreis-wachtendonk.de\/cms\/wp-json\/wp\/v2\/posts\/5973\/revisions"}],"predecessor-version":[{"id":6364,"href":"https:\/\/www.kulturkreis-wachtendonk.de\/cms\/wp-json\/wp\/v2\/posts\/5973\/revisions\/6364"}],"wp:attachment":[{"href":"https:\/\/www.kulturkreis-wachtendonk.de\/cms\/wp-json\/wp\/v2\/media?parent=5973"}],"wp:term":[{"taxonomy":"category","embeddable":true,"href":"https:\/\/www.kulturkreis-wachtendonk.de\/cms\/wp-json\/wp\/v2\/categories?post=5973"},{"taxonomy":"post_tag","embeddable":true,"href":"https:\/\/www.kulturkreis-wachtendonk.de\/cms\/wp-json\/wp\/v2\/tags?post=5973"}],"curies":[{"name":"wp","href":"https:\/\/api.w.org\/{rel}","templated":true}]}}