{"id":5932,"date":"2017-04-09T15:23:57","date_gmt":"2017-04-09T13:23:57","guid":{"rendered":"http:\/\/www.kulturkreis-wachtendonk.de\/cms\/?p=5932"},"modified":"2017-04-10T08:54:43","modified_gmt":"2017-04-10T06:54:43","slug":"konzert-11","status":"publish","type":"post","link":"https:\/\/www.kulturkreis-wachtendonk.de\/cms\/konzert-11\/","title":{"rendered":"Konzert"},"content":{"rendered":"<p><img decoding=\"async\" class=\"alignleft wp-image-5927 size-thumbnail\" src=\"http:\/\/www.kulturkreis-wachtendonk.de\/cms\/wp-content\/uploads\/2016\/11\/Macande2-200x190.jpg\" width=\"200\" height=\"190\" \/><\/p>\n<p><strong>Macand\u00e9<\/strong><\/p>\n<p><strong>Tanz &#8211; Gitarre &#8211; Gesang<\/strong><\/p>\n<p><strong>Samstag, 8.4.2017,\u00a020 Uhr<\/strong><\/p>\n<p>&nbsp;<\/p>\n<p style=\"text-align: justify;\"><strong>Macand\u00e9 bedeutet &#8230; <\/strong><\/p>\n<p style=\"text-align: justify;\">Vor mehr als siebzig Jahren zog er durch die Stra\u00dfen von C\u00e1diz, verkaufte Bonbons und S\u00fc\u00dfigkeiten und widmete jeder Leckerei ein eigenes Flamencolied \u2013 der legend\u00e4re Flamencos\u00e4nger Macand\u00e9. Er gab der jungen Flamencoformation den Namen, die der Gitarrist und Komponist Daniel Sommer mit dem andalusischen Flamenco-S\u00e4nger und Perkussionisten David Alc\u00e1ntara und der T\u00e4nzerin Antina 2005 in D\u00fcsseldorf gr\u00fcndete. Die Kunst des Flamencos entfaltet sich immer wieder neu aus der Stimmung der K\u00fcnstler heraus im Wechselspiel mit der Reaktion des Publikums. Die D\u00fcsseldorfer Gruppe kn\u00fcpft in Anspruch und Darbietung an den Ursprung dieser leidenschaftlichen, oft schmerzvollen Musik an!<\/p>\n<p style=\"text-align: justify;\"><strong>Macand\u00e9 m\u00f6chte &#8230; <\/strong><\/p>\n<p style=\"text-align: justify;\">Leidenschaft, Rhythmus, Emotionen &#8211; die Flamencogruppe Macand\u00e9 pr\u00e4sentiert die authentische Kraft des Flamenco. Traditionelle bis hin zu zeitgen\u00f6ssischen Interpretationen ziehen den Zuschauer in ihren Bann. &#8211; ein Feuerwerk aus Leidenschaft und Temperament. Die K\u00fcnstler arbeiten bereits seit vielen Jahren zusammen und teilen das Lebensgef\u00fchl \u201eFlamenco\u201c. Lebendigkeit, Spontanit\u00e4t und Lebensfreude stehen hierbei im Mittelpunkt. Zusammen spannen die Musiker und T\u00e4nzer von Macand\u00e9 den Bogen zwischen purem, leidenschaftlichen Flamenco und mediterranen Kl\u00e4ngen zu einem abwechslungsreichen Programm! Erst wenn der Funke auf das Publikum \u00fcberspringt ist Macand\u00e9 zufrieden: <strong>\u201eDas Publikum soll mitf\u00fchlen \u2013 erst dann sind wir gl\u00fccklich.\u201c<\/strong><\/p>\n<p style=\"text-align: justify;\"><strong>B\u00fcrgerhaus \u201cAltes Kloster\u201d<\/strong><\/p>\n","protected":false},"excerpt":{"rendered":"<p>Macand\u00e9 Tanz &#8211; Gitarre &#8211; Gesang Samstag, 8.4.2017,\u00a020 Uhr &nbsp; Macand\u00e9 bedeutet &#8230; Vor mehr als siebzig Jahren zog er durch die Stra\u00dfen von C\u00e1diz, verkaufte Bonbons und S\u00fc\u00dfigkeiten und widmete jeder Leckerei ein eigenes Flamencolied \u2013 der legend\u00e4re Flamencos\u00e4nger Macand\u00e9. Er gab der jungen Flamencoformation den Namen, die der Gitarrist und Komponist Daniel Sommer &#8230; <\/p>\n<p class=\"read-more-container\"><a title=\"Konzert\" class=\"read-more button\" href=\"https:\/\/www.kulturkreis-wachtendonk.de\/cms\/konzert-11\/#more-5932\" aria-label=\"Mehr Informationen \u00fcber Konzert\">Weiterlesen &#8230;<\/a><\/p>\n","protected":false},"author":4,"featured_media":0,"comment_status":"closed","ping_status":"closed","sticky":false,"template":"","format":"standard","meta":{"footnotes":""},"categories":[16],"tags":[],"class_list":["post-5932","post","type-post","status-publish","format-standard","hentry","category-veranstaltungsarchiv"],"_links":{"self":[{"href":"https:\/\/www.kulturkreis-wachtendonk.de\/cms\/wp-json\/wp\/v2\/posts\/5932","targetHints":{"allow":["GET"]}}],"collection":[{"href":"https:\/\/www.kulturkreis-wachtendonk.de\/cms\/wp-json\/wp\/v2\/posts"}],"about":[{"href":"https:\/\/www.kulturkreis-wachtendonk.de\/cms\/wp-json\/wp\/v2\/types\/post"}],"author":[{"embeddable":true,"href":"https:\/\/www.kulturkreis-wachtendonk.de\/cms\/wp-json\/wp\/v2\/users\/4"}],"replies":[{"embeddable":true,"href":"https:\/\/www.kulturkreis-wachtendonk.de\/cms\/wp-json\/wp\/v2\/comments?post=5932"}],"version-history":[{"count":17,"href":"https:\/\/www.kulturkreis-wachtendonk.de\/cms\/wp-json\/wp\/v2\/posts\/5932\/revisions"}],"predecessor-version":[{"id":6462,"href":"https:\/\/www.kulturkreis-wachtendonk.de\/cms\/wp-json\/wp\/v2\/posts\/5932\/revisions\/6462"}],"wp:attachment":[{"href":"https:\/\/www.kulturkreis-wachtendonk.de\/cms\/wp-json\/wp\/v2\/media?parent=5932"}],"wp:term":[{"taxonomy":"category","embeddable":true,"href":"https:\/\/www.kulturkreis-wachtendonk.de\/cms\/wp-json\/wp\/v2\/categories?post=5932"},{"taxonomy":"post_tag","embeddable":true,"href":"https:\/\/www.kulturkreis-wachtendonk.de\/cms\/wp-json\/wp\/v2\/tags?post=5932"}],"curies":[{"name":"wp","href":"https:\/\/api.w.org\/{rel}","templated":true}]}}