{"id":5899,"date":"2017-01-03T07:00:33","date_gmt":"2017-01-03T06:00:33","guid":{"rendered":"http:\/\/www.kulturkreis-wachtendonk.de\/cms\/?p=5899"},"modified":"2017-01-03T07:48:49","modified_gmt":"2017-01-03T06:48:49","slug":"orgelkonzert-am-neujahrstag-entwurf-lang","status":"publish","type":"post","link":"https:\/\/www.kulturkreis-wachtendonk.de\/cms\/orgelkonzert-am-neujahrstag-entwurf-lang\/","title":{"rendered":"Orgelkonzert am Neujahrstag"},"content":{"rendered":"<p><img decoding=\"async\" class=\"alignleft wp-image-5902 size-thumbnail\" src=\"http:\/\/www.kulturkreis-wachtendonk.de\/cms\/wp-content\/uploads\/2016\/11\/Retzmann-200x194.png\" alt=\"Dr. Hans-Peter Retzmann\" width=\"200\" height=\"194\" \/><\/p>\n<p><strong>Orgelkonzert in &#8222;St. Michael&#8220;<\/strong><\/p>\n<p><strong>Dr. Hans-Peter Retzmann<\/strong><\/p>\n<p><strong>Sonntag, 1.1.2017,\u00a017 Uhr<\/strong><\/p>\n<p style=\"text-align: justify;\">Hans-Peter Retzmanns musikalische Ausbildung umfa\u00dft das Studium im Fach Klavier (Musikhochschule K\u00f6ln) und der Kirchenmusik in Aachen und D\u00fcsseldorf (Robert Schumann Hochschule), wo er mit dem Kantorenexamen (A-Examen) abschlo\u00df. Er f\u00fchrte seine Studien weiter in Theologie (W\u00fcrzburg) und im Fach Orgel an der Schola Cantorum in Paris bei Jean Paul Imbert (Dipl\u00f4me de Virtuosit\u00e9) sowie in Improvisation und Komposition bei Naji Hakim an la Trinit\u00e9 in Paris. Von 1992-1998 war er Kantor an St. Andreas in Korschenbroich, wo er die Internationale Orgelwoche betreute und Auff\u00fchrungen mit den D\u00fcsseldorfer Sinfonikern initiierte. Darauf folgend war er Kantor an St. Nikolaus in M\u00f6nchengladbach-Hardt und rief dort die Reihe \u201eHardter Konzerte\u201c ins Leben. In dieser Zeit arbeitete er zusammen mit Jane Parker Smith und Alan Wilson und weiteren internationalen K\u00fcnstlern bei Konzertreisen und CD-Produktionen.<\/p>\n<p style=\"text-align: justify;\">Er selber hat Orgelwerke der Romantik und eigene Improvisationen eingespielt. Dar\u00fcber hinaus organisiert er Konzertreisen besonders f\u00fcr Ch\u00f6re aus England und Kanada.<\/p>\n<p style=\"text-align: justify;\">Seit 2006 war er wissenschaftlicher Assistent an der Robert Schumann Hochschule in D\u00fcsseldorf, wo er seine Dissertation \u00fcber Max Regers Musik\u00e4sthetik bei Prof. Dr. Dr. Volker Kalisch abschlo\u00df. Er ist als Dozent am Musikwissenschaftlichen Institut der Robert Schumann Hochschule in D\u00fcsseldorf t\u00e4tig.<\/p>\n<p style=\"text-align: justify;\">Seit 2012 ist er Kantor im Pastoralverbund Delbr\u00fcck (Paderborn, OWL) und ist verantwortlich f\u00fcr alle liturgischen Aktivit\u00e4ten und internationalen Konzertreihen. Hans-Peter Retzmann gibt Konzerte als Organist und Improvisator und spielt in unterschiedlichen Ensemblebesetzungen in Deutschland sowie im Ausland. Er gibt Vorlesungen und Workshops zu theoretischen und praktischen Themenstellungen.<\/p>\n<p style=\"text-align: justify;\"><strong>St. Michael Kirche, Wachtendonk<\/strong><\/p>\n<p style=\"text-align: justify;\">\u00a0<\/p>\n","protected":false},"excerpt":{"rendered":"<p>Orgelkonzert in &#8222;St. Michael&#8220; Dr. Hans-Peter Retzmann Sonntag, 1.1.2017,\u00a017 Uhr Hans-Peter Retzmanns musikalische Ausbildung umfa\u00dft das Studium im Fach Klavier (Musikhochschule K\u00f6ln) und der Kirchenmusik in Aachen und D\u00fcsseldorf (Robert Schumann Hochschule), wo er mit dem Kantorenexamen (A-Examen) abschlo\u00df. Er f\u00fchrte seine Studien weiter in Theologie (W\u00fcrzburg) und im Fach Orgel an der Schola Cantorum &#8230; <\/p>\n<p class=\"read-more-container\"><a title=\"Orgelkonzert am Neujahrstag\" class=\"read-more button\" href=\"https:\/\/www.kulturkreis-wachtendonk.de\/cms\/orgelkonzert-am-neujahrstag-entwurf-lang\/#more-5899\" aria-label=\"Mehr Informationen \u00fcber Orgelkonzert am Neujahrstag\">Weiterlesen &#8230;<\/a><\/p>\n","protected":false},"author":4,"featured_media":0,"comment_status":"closed","ping_status":"closed","sticky":false,"template":"","format":"standard","meta":{"footnotes":""},"categories":[16],"tags":[],"class_list":["post-5899","post","type-post","status-publish","format-standard","hentry","category-veranstaltungsarchiv"],"_links":{"self":[{"href":"https:\/\/www.kulturkreis-wachtendonk.de\/cms\/wp-json\/wp\/v2\/posts\/5899","targetHints":{"allow":["GET"]}}],"collection":[{"href":"https:\/\/www.kulturkreis-wachtendonk.de\/cms\/wp-json\/wp\/v2\/posts"}],"about":[{"href":"https:\/\/www.kulturkreis-wachtendonk.de\/cms\/wp-json\/wp\/v2\/types\/post"}],"author":[{"embeddable":true,"href":"https:\/\/www.kulturkreis-wachtendonk.de\/cms\/wp-json\/wp\/v2\/users\/4"}],"replies":[{"embeddable":true,"href":"https:\/\/www.kulturkreis-wachtendonk.de\/cms\/wp-json\/wp\/v2\/comments?post=5899"}],"version-history":[{"count":9,"href":"https:\/\/www.kulturkreis-wachtendonk.de\/cms\/wp-json\/wp\/v2\/posts\/5899\/revisions"}],"predecessor-version":[{"id":11758,"href":"https:\/\/www.kulturkreis-wachtendonk.de\/cms\/wp-json\/wp\/v2\/posts\/5899\/revisions\/11758"}],"wp:attachment":[{"href":"https:\/\/www.kulturkreis-wachtendonk.de\/cms\/wp-json\/wp\/v2\/media?parent=5899"}],"wp:term":[{"taxonomy":"category","embeddable":true,"href":"https:\/\/www.kulturkreis-wachtendonk.de\/cms\/wp-json\/wp\/v2\/categories?post=5899"},{"taxonomy":"post_tag","embeddable":true,"href":"https:\/\/www.kulturkreis-wachtendonk.de\/cms\/wp-json\/wp\/v2\/tags?post=5899"}],"curies":[{"name":"wp","href":"https:\/\/api.w.org\/{rel}","templated":true}]}}