{"id":5495,"date":"2016-11-21T10:00:01","date_gmt":"2016-11-21T09:00:01","guid":{"rendered":"http:\/\/www.kulturkreis-wachtendonk.de\/cms\/?p=5495"},"modified":"2016-11-21T16:18:42","modified_gmt":"2016-11-21T15:18:42","slug":"tango-argentino-5","status":"publish","type":"post","link":"https:\/\/www.kulturkreis-wachtendonk.de\/cms\/tango-argentino-5\/","title":{"rendered":"Tango-Argentino"},"content":{"rendered":"<p><a href=\"http:\/\/www.kulturkreis-wachtendonk.de\/cms\/wp-content\/uploads\/2015\/11\/Tango-Argentino.png\"><img decoding=\"async\" class=\"alignleft size-thumbnail wp-image-5493\" src=\"http:\/\/www.kulturkreis-wachtendonk.de\/cms\/wp-content\/uploads\/2015\/11\/Tango-Argentino-200x200.png\" alt=\"Tango-Argentino\" width=\"200\" height=\"200\" \/><\/a>\u00a0<strong>Tango-Argentino<\/strong><\/p>\n<p><strong>\u00a0mit DJ Hans-Wolfgang G\u00f6ttges &#8211; El lobo gris<\/strong><\/p>\n<p><strong>\u00a0Freitag, 18.11.2016, 20 Uhr<\/strong><\/p>\n<p>Der Kulturkreis l\u00e4dt alle Tango-Liebhaber zur Milonga ins \u201eCasa amarilla\u201c (B\u00fcrgerhaus \u201eAltes Kloster\u201c) ein. In besonderem Ambiente sorgt DJ\u00a0Hans-Wolfgang G\u00f6ttges\u00a0dann ab 20 Uhr f\u00fcr Rhythmen, bei denen man sich wie in Argentinien f\u00fchlt. Guter Wein und H\u00e4ppchenteller stehen wieder zur St\u00e4rkung der T\u00e4nzer bereit.\u00a0<\/p>\n<p><span style=\"font-family: 'Arial','sans-serif'; font-size: 14px;\"><span style=\"color: #000000;\">Hans-Wolfgang G\u00f6ttges war schon viele Jahre vom Tango und der Musik des Bandoneons fasziniert, als er vor ca. 15 Jahren selbst anfing, Tango Argentino zu tanzen. Gleichzeitig besch\u00e4ftigte er sich sehr intensiv mit der Musik der klassischen Orchester, aber auch anderen Musikrichtungen, um gut tanzbare Musik zu finden und aufzulegen. Dabei integriert er nun neben der Musik der alten Orchester auch St\u00fccke aus dem Tango Nuevo und Elektrotango sowie Nontango-Titel in die Milonga, ohne dabei die Tanda-Cortina-Struktur zu verlassen. Er folgt dabei keinem starren oder vorgefertigten Schema, sondern sein Ziel ist es, zu sp\u00fcren, welche Musik den Tanzpaaren gef\u00e4llt, um ihnen den Genuss an der Musik und an diesem ungeheuer faszinierenden Tanz zu erm\u00f6glichen.<\/span><\/span><\/p>\n<p><strong>B\u00fcrgerhaus &#8222;Altes Kloster&#8220;<\/strong><\/p>\n","protected":false},"excerpt":{"rendered":"<p>\u00a0Tango-Argentino \u00a0mit DJ Hans-Wolfgang G\u00f6ttges &#8211; El lobo gris \u00a0Freitag, 18.11.2016, 20 Uhr Der Kulturkreis l\u00e4dt alle Tango-Liebhaber zur Milonga ins \u201eCasa amarilla\u201c (B\u00fcrgerhaus \u201eAltes Kloster\u201c) ein. In besonderem Ambiente sorgt DJ\u00a0Hans-Wolfgang G\u00f6ttges\u00a0dann ab 20 Uhr f\u00fcr Rhythmen, bei denen man sich wie in Argentinien f\u00fchlt. Guter Wein und H\u00e4ppchenteller stehen wieder zur St\u00e4rkung der &#8230; <\/p>\n<p class=\"read-more-container\"><a title=\"Tango-Argentino\" class=\"read-more button\" href=\"https:\/\/www.kulturkreis-wachtendonk.de\/cms\/tango-argentino-5\/#more-5495\" aria-label=\"Mehr Informationen \u00fcber Tango-Argentino\">Weiterlesen &#8230;<\/a><\/p>\n","protected":false},"author":4,"featured_media":0,"comment_status":"closed","ping_status":"closed","sticky":false,"template":"","format":"standard","meta":{"footnotes":""},"categories":[16],"tags":[],"class_list":["post-5495","post","type-post","status-publish","format-standard","hentry","category-veranstaltungsarchiv"],"_links":{"self":[{"href":"https:\/\/www.kulturkreis-wachtendonk.de\/cms\/wp-json\/wp\/v2\/posts\/5495","targetHints":{"allow":["GET"]}}],"collection":[{"href":"https:\/\/www.kulturkreis-wachtendonk.de\/cms\/wp-json\/wp\/v2\/posts"}],"about":[{"href":"https:\/\/www.kulturkreis-wachtendonk.de\/cms\/wp-json\/wp\/v2\/types\/post"}],"author":[{"embeddable":true,"href":"https:\/\/www.kulturkreis-wachtendonk.de\/cms\/wp-json\/wp\/v2\/users\/4"}],"replies":[{"embeddable":true,"href":"https:\/\/www.kulturkreis-wachtendonk.de\/cms\/wp-json\/wp\/v2\/comments?post=5495"}],"version-history":[{"count":14,"href":"https:\/\/www.kulturkreis-wachtendonk.de\/cms\/wp-json\/wp\/v2\/posts\/5495\/revisions"}],"predecessor-version":[{"id":5862,"href":"https:\/\/www.kulturkreis-wachtendonk.de\/cms\/wp-json\/wp\/v2\/posts\/5495\/revisions\/5862"}],"wp:attachment":[{"href":"https:\/\/www.kulturkreis-wachtendonk.de\/cms\/wp-json\/wp\/v2\/media?parent=5495"}],"wp:term":[{"taxonomy":"category","embeddable":true,"href":"https:\/\/www.kulturkreis-wachtendonk.de\/cms\/wp-json\/wp\/v2\/categories?post=5495"},{"taxonomy":"post_tag","embeddable":true,"href":"https:\/\/www.kulturkreis-wachtendonk.de\/cms\/wp-json\/wp\/v2\/tags?post=5495"}],"curies":[{"name":"wp","href":"https:\/\/api.w.org\/{rel}","templated":true}]}}