{"id":5468,"date":"2016-10-07T09:00:29","date_gmt":"2016-10-07T07:00:29","guid":{"rendered":"http:\/\/www.kulturkreis-wachtendonk.de\/cms\/?p=5468"},"modified":"2023-02-06T12:37:51","modified_gmt":"2023-02-06T11:37:51","slug":"kabarett-8","status":"publish","type":"post","link":"https:\/\/www.kulturkreis-wachtendonk.de\/cms\/kabarett-8\/","title":{"rendered":"Kabarett"},"content":{"rendered":"<p><a href=\"http:\/\/www.kulturkreis-wachtendonk.de\/cms\/wp-content\/uploads\/2015\/11\/Dave-Davis_4tes-Programm_kl.png\"><img decoding=\"async\" class=\"alignleft size-thumbnail wp-image-5466\" src=\"http:\/\/www.kulturkreis-wachtendonk.de\/cms\/wp-content\/uploads\/2015\/11\/Dave-Davis_4tes-Programm_kl-200x200.png\" alt=\"Dave Davis_4tes Programm_kl\" width=\"200\" height=\"200\" \/><\/a><strong>Kabarett<\/strong><\/p>\n<p><strong>Dave Davis &#8222;BLACKO MIO!&#8220;<\/strong><\/p>\n<p><strong><span style=\"text-decoration: underline;\"><span style=\"color: #ff0000; text-decoration: underline;\">ACHTUNG TERMIN\u00c4NDERUNG !!!<\/span><\/span> <br \/><\/strong><em>Statt Freitag, 7.10.2016,<\/em><strong><em>\u00a0<\/em>nun Donnerstag 6.10.2016 um 20 Uhr\u00a0<\/strong><\/p>\n<p>Frohlocke, Deutschland! Es geht uns gut! Wir sind eines der reichsten L\u00e4nder der Erde.<\/p>\n<p>Doch das deutsche Volk ist ver\u00e4ngstigt und Dave Davis ist sich sicher: Schriebe er ein Buch mit dem Titel \u201cLebe dich nicht \u2013 sorge!\u201c, es w\u00e4re der Jahresbestseller. Ja, so manches scheint ungewiss in diesem Land:<\/p>\n<p>Wie wahrscheinlich ist es, nach einem Tauchgang in der Ostsee im Taucheranzug von randalierenden Burkinigegnern zusammengeschlagen zu werden?<\/p>\n<p>Wie steht\u00b4s mit dem Anstand in diesem Land, wenn man hilflose Tankstellentoilettenschl\u00fcssel nur durch das aufwendige Beh\u00e4ngen mit kaputten Faxger\u00e4ten oder N\u00e4hmaschinen vor der Entwendung bewahren kann?<\/p>\n<p>Was ist zum Beispiel ein \u201eProfessx\u201c? Vielleicht ein Nerd aus Gallien? Ist \u201ePetri Heil\u201c nur ein Anglergru\u00df oder sollte man im vorauseilenden Gehorsam besser die rechte Hand heben?<\/p>\n<p>Dave Davis feiert in seinem 4. Subventionsprogramm zur F\u00f6rderung der nationalen Heiterkeit das &#8222;La Deutsche Vita&#8220;. Er erkl\u00e4rt das Lachen landesweit zum ultimativen Mittel zur Fluchursachenbek\u00e4mpfung und setzt im gewieften Wort und im geschmeidigen Gesang unnachgiebig Obergrenzen f\u00fcr Hasenf\u00fc\u00dfigkeit und German Angst. Der Comedypreistr\u00e4ger 2010, zweifacher Prix-Pantheon-Gewinner 2009 und Tr\u00e4ger des Goldenen Stuttgarter Besens 2015 interagiert in verbl\u00fcffender Spontaneit\u00e4t mit seinem Publikum. Erleben Sie Dave Davis pers\u00f6nlicher denn je und in allerbester Spielfreude, denn Gl\u00fcck ist eine Holschuld.<\/p>\n<p><strong>Dieser Kabarett-Abend ist Teil der Veranstaltungsreihe \u201eKulturHerbst\u201c der Volksbank an der Niers.<\/strong><\/p>\n<p><span style=\"color: #ff0000;\"><strong>Wichtiger Hinweis:<br \/><\/strong><\/span><span style=\"color: #ff0000;\"><strong>Die Veranstaltung musste leider wegen eines TV-Termins des K\u00fcnstlers um einen Tag vorverlegt werden. Tickets, die bereits im\u00a0Vorverkauf\u00a0 erworben wurden, behalten f\u00fcr den Ersatztermin ihre G\u00fcltigkeit. Wer an dem neuen Termin verhindert ist, kann seine Karte\u00a0bei der jeweiligen Vorverkaufsstelle (Kulturkreis\u00a0 Wachtendonk e.V.\u00a0bzw. Gesch\u00e4ftsstelle Wachtendonk der\u00a0Volksbank an der Niers) zur\u00fcckgeben und erh\u00e4lt dann sein Geld zur\u00fcck. <\/strong><\/span><\/p>\n","protected":false},"excerpt":{"rendered":"<p>Kabarett Dave Davis &#8222;BLACKO MIO!&#8220; ACHTUNG TERMIN\u00c4NDERUNG !!! Statt Freitag, 7.10.2016,\u00a0nun Donnerstag 6.10.2016 um 20 Uhr\u00a0 Frohlocke, Deutschland! Es geht uns gut! Wir sind eines der reichsten L\u00e4nder der Erde. Doch das deutsche Volk ist ver\u00e4ngstigt und Dave Davis ist sich sicher: Schriebe er ein Buch mit dem Titel \u201cLebe dich nicht \u2013 sorge!\u201c, es &#8230; <\/p>\n<p class=\"read-more-container\"><a title=\"Kabarett\" class=\"read-more button\" href=\"https:\/\/www.kulturkreis-wachtendonk.de\/cms\/kabarett-8\/#more-5468\" aria-label=\"Mehr Informationen \u00fcber Kabarett\">Weiterlesen &#8230;<\/a><\/p>\n","protected":false},"author":4,"featured_media":0,"comment_status":"closed","ping_status":"closed","sticky":false,"template":"","format":"standard","meta":{"footnotes":""},"categories":[16],"tags":[],"class_list":["post-5468","post","type-post","status-publish","format-standard","hentry","category-veranstaltungsarchiv"],"_links":{"self":[{"href":"https:\/\/www.kulturkreis-wachtendonk.de\/cms\/wp-json\/wp\/v2\/posts\/5468","targetHints":{"allow":["GET"]}}],"collection":[{"href":"https:\/\/www.kulturkreis-wachtendonk.de\/cms\/wp-json\/wp\/v2\/posts"}],"about":[{"href":"https:\/\/www.kulturkreis-wachtendonk.de\/cms\/wp-json\/wp\/v2\/types\/post"}],"author":[{"embeddable":true,"href":"https:\/\/www.kulturkreis-wachtendonk.de\/cms\/wp-json\/wp\/v2\/users\/4"}],"replies":[{"embeddable":true,"href":"https:\/\/www.kulturkreis-wachtendonk.de\/cms\/wp-json\/wp\/v2\/comments?post=5468"}],"version-history":[{"count":14,"href":"https:\/\/www.kulturkreis-wachtendonk.de\/cms\/wp-json\/wp\/v2\/posts\/5468\/revisions"}],"predecessor-version":[{"id":10970,"href":"https:\/\/www.kulturkreis-wachtendonk.de\/cms\/wp-json\/wp\/v2\/posts\/5468\/revisions\/10970"}],"wp:attachment":[{"href":"https:\/\/www.kulturkreis-wachtendonk.de\/cms\/wp-json\/wp\/v2\/media?parent=5468"}],"wp:term":[{"taxonomy":"category","embeddable":true,"href":"https:\/\/www.kulturkreis-wachtendonk.de\/cms\/wp-json\/wp\/v2\/categories?post=5468"},{"taxonomy":"post_tag","embeddable":true,"href":"https:\/\/www.kulturkreis-wachtendonk.de\/cms\/wp-json\/wp\/v2\/tags?post=5468"}],"curies":[{"name":"wp","href":"https:\/\/api.w.org\/{rel}","templated":true}]}}