{"id":5407,"date":"2016-11-28T09:00:54","date_gmt":"2016-11-28T08:00:54","guid":{"rendered":"http:\/\/www.kulturkreis-wachtendonk.de\/cms\/?p=5407"},"modified":"2016-11-28T09:14:15","modified_gmt":"2016-11-28T08:14:15","slug":"ausstellung-3","status":"publish","type":"post","link":"https:\/\/www.kulturkreis-wachtendonk.de\/cms\/ausstellung-3\/","title":{"rendered":"Ausstellung"},"content":{"rendered":"<p><a href=\"http:\/\/www.kulturkreis-wachtendonk.de\/cms\/wp-content\/uploads\/2015\/11\/P1030120.jpg\"><img decoding=\"async\" class=\"alignleft size-thumbnail wp-image-5408\" src=\"http:\/\/www.kulturkreis-wachtendonk.de\/cms\/wp-content\/uploads\/2015\/11\/P1030120-200x200.jpg\" alt=\"P1030120\" width=\"200\" height=\"200\" \/><\/a>\u00a0<strong>Ausstellung &#8222;Bilder \u00b406 &#8211; \u00b416&#8220;<\/strong><\/p>\n<p><strong>\u00a0Stefan Luyven<\/strong><\/p>\n<p><strong>\u00a0Freitag, 25.11.2016 bis Sonntag, 27.11.2016<\/strong><\/p>\n<p>Der Wachtendonker K\u00fcnstler Stefan Luyven pr\u00e4sentiert Bilder aus 10 Jahre Schaffenskraft. Zu seiner sehr spezifische Malweise kam Stefan Luyven auf dem Umweg \u00fcber mittelalterliche Holzschnitte und deren surrealistische Verfremdung zu sp\u00e4terer Zeit. Schlie\u00dflich machte er sich die Erkenntnisse der Optical Art aus den 60 er Jahren f\u00fcr seine spezielle Maltechnik zunutze. Seine Arbeitsweise ist zeitraubend. Es geht Luyven darum, lineare Strukturen in Malerei zu \u00fcberf\u00fchren. Das Wechselspiel von Malerei und Graphik hat in den neuesten Arbeiten dazu gef\u00fchrt, das schwarz-wei\u00dfen Elementen farbige beigef\u00fcgt sind, so dass das Malerische offensichtlicher wird.<\/p>\n<p>\u00d6ffnungszeiten:<br \/>Freitag, 25.11.2016, Er\u00f6ffnung um 19 Uhr durch B\u00fcrgermeister Hans-Josef Aengenendt<br \/>Samstag, 26.11.2016, 11 &#8211; 18 Uhr<br \/>Sonntag, 27.11.2016, 11 &#8211; 18 Uhr<\/p>\n<p><strong>Eintritt frei!<\/strong><\/p>\n<p><strong>B\u00fcrgerhaus &#8222;Altes Kloster&#8220;<\/strong><\/p>\n<p>&nbsp;<\/p>\n<p>&nbsp;<\/p>\n","protected":false},"excerpt":{"rendered":"<p>\u00a0Ausstellung &#8222;Bilder \u00b406 &#8211; \u00b416&#8220; \u00a0Stefan Luyven \u00a0Freitag, 25.11.2016 bis Sonntag, 27.11.2016 Der Wachtendonker K\u00fcnstler Stefan Luyven pr\u00e4sentiert Bilder aus 10 Jahre Schaffenskraft. Zu seiner sehr spezifische Malweise kam Stefan Luyven auf dem Umweg \u00fcber mittelalterliche Holzschnitte und deren surrealistische Verfremdung zu sp\u00e4terer Zeit. Schlie\u00dflich machte er sich die Erkenntnisse der Optical Art aus den &#8230; <\/p>\n<p class=\"read-more-container\"><a title=\"Ausstellung\" class=\"read-more button\" href=\"https:\/\/www.kulturkreis-wachtendonk.de\/cms\/ausstellung-3\/#more-5407\" aria-label=\"Mehr Informationen \u00fcber Ausstellung\">Weiterlesen &#8230;<\/a><\/p>\n","protected":false},"author":4,"featured_media":0,"comment_status":"closed","ping_status":"closed","sticky":false,"template":"","format":"standard","meta":{"footnotes":""},"categories":[16],"tags":[],"class_list":["post-5407","post","type-post","status-publish","format-standard","hentry","category-veranstaltungsarchiv"],"_links":{"self":[{"href":"https:\/\/www.kulturkreis-wachtendonk.de\/cms\/wp-json\/wp\/v2\/posts\/5407","targetHints":{"allow":["GET"]}}],"collection":[{"href":"https:\/\/www.kulturkreis-wachtendonk.de\/cms\/wp-json\/wp\/v2\/posts"}],"about":[{"href":"https:\/\/www.kulturkreis-wachtendonk.de\/cms\/wp-json\/wp\/v2\/types\/post"}],"author":[{"embeddable":true,"href":"https:\/\/www.kulturkreis-wachtendonk.de\/cms\/wp-json\/wp\/v2\/users\/4"}],"replies":[{"embeddable":true,"href":"https:\/\/www.kulturkreis-wachtendonk.de\/cms\/wp-json\/wp\/v2\/comments?post=5407"}],"version-history":[{"count":4,"href":"https:\/\/www.kulturkreis-wachtendonk.de\/cms\/wp-json\/wp\/v2\/posts\/5407\/revisions"}],"predecessor-version":[{"id":8265,"href":"https:\/\/www.kulturkreis-wachtendonk.de\/cms\/wp-json\/wp\/v2\/posts\/5407\/revisions\/8265"}],"wp:attachment":[{"href":"https:\/\/www.kulturkreis-wachtendonk.de\/cms\/wp-json\/wp\/v2\/media?parent=5407"}],"wp:term":[{"taxonomy":"category","embeddable":true,"href":"https:\/\/www.kulturkreis-wachtendonk.de\/cms\/wp-json\/wp\/v2\/categories?post=5407"},{"taxonomy":"post_tag","embeddable":true,"href":"https:\/\/www.kulturkreis-wachtendonk.de\/cms\/wp-json\/wp\/v2\/tags?post=5407"}],"curies":[{"name":"wp","href":"https:\/\/api.w.org\/{rel}","templated":true}]}}