{"id":5368,"date":"2016-11-06T19:00:10","date_gmt":"2016-11-06T18:00:10","guid":{"rendered":"http:\/\/www.kulturkreis-wachtendonk.de\/cms\/?p=5368"},"modified":"2016-11-07T10:06:21","modified_gmt":"2016-11-07T09:06:21","slug":"konzert-14","status":"publish","type":"post","link":"https:\/\/www.kulturkreis-wachtendonk.de\/cms\/konzert-14\/","title":{"rendered":"Konzert"},"content":{"rendered":"<p><img fetchpriority=\"high\" decoding=\"async\" class=\"alignleft wp-image-5366 size-medium\" src=\"http:\/\/www.kulturkreis-wachtendonk.de\/cms\/wp-content\/uploads\/2015\/10\/Crosswind2-300x200.jpg\" alt=\"Crosswind(2)\" width=\"300\" height=\"200\" srcset=\"https:\/\/www.kulturkreis-wachtendonk.de\/cms\/wp-content\/uploads\/2015\/10\/Crosswind2-300x200.jpg 300w, https:\/\/www.kulturkreis-wachtendonk.de\/cms\/wp-content\/uploads\/2015\/10\/Crosswind2-1024x683.jpg 1024w\" sizes=\"(max-width: 300px) 100vw, 300px\" \/><strong>Konzert<\/strong><\/p>\n<p><strong>Crosswind &#8211; Young Irish Music<\/strong><\/p>\n<p><strong>Samstag, 5.11.2016, 20 Uhr<\/strong><\/p>\n<p>Das junge Quartett k\u00f6nne sich \u201ean den besten der \u201aOriginale\u2018 messen&#8220;, so hei\u00dft es im Folker, Deutschlands gr\u00f6\u00dftem Musikmagazin f\u00fcr Folk-, Lied- und Weltmusik. Liebevoll arrangierte Songs und mitrei\u00dfende Tunes \u2013 die Band f\u00fchrt diese beiden Facetten der irischen Musik zusammen wie keine zweite in Deutschland. Dabei kommen, f\u00fcr den Irish Folk typischen, Instrumente wie Fiddle, Irish Flute, Tin Whistle, Concertina, Knopfakkordeon und Gitarre zum Einsatz. Doch die Musik von Crosswind macht keineswegs an den K\u00fcsten der gr\u00fcnen Insel halt. Sie wird beeinflusst von harmonisch-beseeltem Country-Folk aus Amerika, von den tragenden melancholischen Kl\u00e4ngen Skandinaviens und von vielen anderen musikalischen Eindr\u00fccken, welche die vier Musiker mitbringen und gekonnt zu einer verspielten, vielschichtigen Klangdichtung weben. Die Musik ist druckvoll, sie ist dynamisch und mitrei\u00dfend, doch wirkt sie niemals gehetzt. \u201eSelbst in ihren aufbrausendsten Momenten strahlen die Musiker eine bezaubernde Ruhe und Gelassenheit aus&#8220;, so urteilt die Presse.<\/p>\n<p><strong>B\u00fcrgerhaus &#8222;Altes Kloster&#8220;<\/strong><\/p>\n","protected":false},"excerpt":{"rendered":"<p>Konzert Crosswind &#8211; Young Irish Music Samstag, 5.11.2016, 20 Uhr Das junge Quartett k\u00f6nne sich \u201ean den besten der \u201aOriginale\u2018 messen&#8220;, so hei\u00dft es im Folker, Deutschlands gr\u00f6\u00dftem Musikmagazin f\u00fcr Folk-, Lied- und Weltmusik. Liebevoll arrangierte Songs und mitrei\u00dfende Tunes \u2013 die Band f\u00fchrt diese beiden Facetten der irischen Musik zusammen wie keine zweite in &#8230; <\/p>\n<p class=\"read-more-container\"><a title=\"Konzert\" class=\"read-more button\" href=\"https:\/\/www.kulturkreis-wachtendonk.de\/cms\/konzert-14\/#more-5368\" aria-label=\"Mehr Informationen \u00fcber Konzert\">Weiterlesen &#8230;<\/a><\/p>\n","protected":false},"author":4,"featured_media":0,"comment_status":"closed","ping_status":"closed","sticky":false,"template":"","format":"standard","meta":{"footnotes":""},"categories":[16],"tags":[],"class_list":["post-5368","post","type-post","status-publish","format-standard","hentry","category-veranstaltungsarchiv"],"_links":{"self":[{"href":"https:\/\/www.kulturkreis-wachtendonk.de\/cms\/wp-json\/wp\/v2\/posts\/5368","targetHints":{"allow":["GET"]}}],"collection":[{"href":"https:\/\/www.kulturkreis-wachtendonk.de\/cms\/wp-json\/wp\/v2\/posts"}],"about":[{"href":"https:\/\/www.kulturkreis-wachtendonk.de\/cms\/wp-json\/wp\/v2\/types\/post"}],"author":[{"embeddable":true,"href":"https:\/\/www.kulturkreis-wachtendonk.de\/cms\/wp-json\/wp\/v2\/users\/4"}],"replies":[{"embeddable":true,"href":"https:\/\/www.kulturkreis-wachtendonk.de\/cms\/wp-json\/wp\/v2\/comments?post=5368"}],"version-history":[{"count":7,"href":"https:\/\/www.kulturkreis-wachtendonk.de\/cms\/wp-json\/wp\/v2\/posts\/5368\/revisions"}],"predecessor-version":[{"id":6246,"href":"https:\/\/www.kulturkreis-wachtendonk.de\/cms\/wp-json\/wp\/v2\/posts\/5368\/revisions\/6246"}],"wp:attachment":[{"href":"https:\/\/www.kulturkreis-wachtendonk.de\/cms\/wp-json\/wp\/v2\/media?parent=5368"}],"wp:term":[{"taxonomy":"category","embeddable":true,"href":"https:\/\/www.kulturkreis-wachtendonk.de\/cms\/wp-json\/wp\/v2\/categories?post=5368"},{"taxonomy":"post_tag","embeddable":true,"href":"https:\/\/www.kulturkreis-wachtendonk.de\/cms\/wp-json\/wp\/v2\/tags?post=5368"}],"curies":[{"name":"wp","href":"https:\/\/api.w.org\/{rel}","templated":true}]}}