{"id":4844,"date":"2015-05-11T11:17:14","date_gmt":"2015-05-11T09:17:14","guid":{"rendered":"http:\/\/www.kulturkreis-wachtendonk.de\/cms\/?p=4844"},"modified":"2015-06-22T14:56:28","modified_gmt":"2015-06-22T12:56:28","slug":"ausstellung-14","status":"publish","type":"post","link":"https:\/\/www.kulturkreis-wachtendonk.de\/cms\/ausstellung-14\/","title":{"rendered":"Ausstellung"},"content":{"rendered":"<p>Gruppe &#8222;MachArt&#8220; &#8222;Offenes Atelier&#8220; Montag, 11.5. bis Sonntag 17.5.2015 Die Gruppe MachART ist seit 1993 ein Zusammenschluss von aktuell 11 K\u00fcnstler\/innen vom linken Niederrhein. Jedes Jahr findet eine gemeinsame \u00f6ffentliche Ausstellung statt, in der sich alle Mitglieder mit einem gemeinsam erarbeiteten Thema auseinandersetzen. Maler\/innen, Grafiker\/innen, Bildhauer, eine Keramikerin, eine Fotografin und eine Glask\u00fcnstlerin treffen sich regelm\u00e4\u00dfig zum k\u00fcnstlerischen Austausch und gemeinsamen Arbeiten.<\/p>\n<p>Vom 11. bis zum 17. Mai von 10.00 Uhr bis 17.00 Uhr treffen sich K\u00fcnstler\/innen der Gruppe auch in diesem Jahr wieder im alten Wasserwerk in Wachtendonk zu einem offenen Atelier. Aufgrund der hohen Besucherzahl in 2014 und des morbiden Charmes des Geb\u00e4udes entschloss sich die Gruppe, auch in diesem Jahr wieder eine Woche zusammen zu arbeiten und sich auszutauschen.<\/p>\n<p>Jeder Teilnehmer arbeitet vor Ort im Sinne seiner eigenen k\u00fcnstlerischen Positionen. Die Abgeschiedenheit des Arbeitsortes erm\u00f6glicht eine intensive Auseinandersetzung mit der eigenen Arbeit und mit den Arbeiten der anderen Gruppenmitglieder. In Reaktion auch auf die R\u00e4umlichkeiten und die umgebende Natur entsteht ein fruchtbarer, k\u00fcnstlerischer Dialog.<\/p>\n<p>Die T\u00fcren stehen an allen Tagen offen, d.h. Besucher sind herzlich eingeladen, den K\u00fcnstlern \u00fcber die Schulter zu schauen und den k\u00fcnstlerischen Dialog zu verfolgen. Die K\u00fcnstler\/innen freuen sich auf viele Gespr\u00e4che, Kommentare und Meinungen zu ihren Arbeiten.<\/p>\n<p>Im Rahmen einer Finissage am Samstag, den 16. Mai um 18.00 Uhr, zu der alle Interessierten eingeladen sind, k\u00f6nnen die entstandenen Arbeiten in gem\u00fctlichem Rahmen betrachtet werden. Diese\u00a0Ausstellung ist Teil der Veranstaltung\u00a0Kreis Klever KulTourtage (16.5-17.5.2015)<\/p>\n<p>Mitglieder der Gruppe: Margarete Beckers\/ Wegberg Hanna Br\u00fcckelmann\/ Br\u00fcggen Martina Erkes\/ Br\u00fcggen Heidi Goldhammer\/ M\u00f6nchengladbach Dr. Antje Hambitzer\/ Br\u00fcggen Klaudia Hummen\/ Kempen Paul Jakob Hoerkens\/ Niederkr\u00fcchten Martina Jaesch\/ Br\u00fcggen Christiane Koken\/ Niederkr\u00fcchten Elke Schrey\/ Br\u00fcggen Gisela Stiller\/ Br\u00fcggen<\/p>\n","protected":false},"excerpt":{"rendered":"<p>Gruppe &#8222;MachArt&#8220; &#8222;Offenes Atelier&#8220; Montag, 11.5. bis Sonntag 17.5.2015 Die Gruppe MachART ist seit 1993 ein Zusammenschluss von aktuell 11 K\u00fcnstler\/innen vom linken Niederrhein. Jedes Jahr findet eine gemeinsame \u00f6ffentliche Ausstellung statt, in der sich alle Mitglieder mit einem gemeinsam erarbeiteten Thema auseinandersetzen. Maler\/innen, Grafiker\/innen, Bildhauer, eine Keramikerin, eine Fotografin und eine Glask\u00fcnstlerin treffen sich &#8230; <\/p>\n<p class=\"read-more-container\"><a title=\"Ausstellung\" class=\"read-more button\" href=\"https:\/\/www.kulturkreis-wachtendonk.de\/cms\/ausstellung-14\/#more-4844\" aria-label=\"Mehr Informationen \u00fcber Ausstellung\">Weiterlesen &#8230;<\/a><\/p>\n","protected":false},"author":4,"featured_media":0,"comment_status":"closed","ping_status":"closed","sticky":false,"template":"","format":"standard","meta":{"footnotes":""},"categories":[16],"tags":[],"class_list":["post-4844","post","type-post","status-publish","format-standard","hentry","category-veranstaltungsarchiv"],"_links":{"self":[{"href":"https:\/\/www.kulturkreis-wachtendonk.de\/cms\/wp-json\/wp\/v2\/posts\/4844","targetHints":{"allow":["GET"]}}],"collection":[{"href":"https:\/\/www.kulturkreis-wachtendonk.de\/cms\/wp-json\/wp\/v2\/posts"}],"about":[{"href":"https:\/\/www.kulturkreis-wachtendonk.de\/cms\/wp-json\/wp\/v2\/types\/post"}],"author":[{"embeddable":true,"href":"https:\/\/www.kulturkreis-wachtendonk.de\/cms\/wp-json\/wp\/v2\/users\/4"}],"replies":[{"embeddable":true,"href":"https:\/\/www.kulturkreis-wachtendonk.de\/cms\/wp-json\/wp\/v2\/comments?post=4844"}],"version-history":[{"count":2,"href":"https:\/\/www.kulturkreis-wachtendonk.de\/cms\/wp-json\/wp\/v2\/posts\/4844\/revisions"}],"predecessor-version":[{"id":5117,"href":"https:\/\/www.kulturkreis-wachtendonk.de\/cms\/wp-json\/wp\/v2\/posts\/4844\/revisions\/5117"}],"wp:attachment":[{"href":"https:\/\/www.kulturkreis-wachtendonk.de\/cms\/wp-json\/wp\/v2\/media?parent=4844"}],"wp:term":[{"taxonomy":"category","embeddable":true,"href":"https:\/\/www.kulturkreis-wachtendonk.de\/cms\/wp-json\/wp\/v2\/categories?post=4844"},{"taxonomy":"post_tag","embeddable":true,"href":"https:\/\/www.kulturkreis-wachtendonk.de\/cms\/wp-json\/wp\/v2\/tags?post=4844"}],"curies":[{"name":"wp","href":"https:\/\/api.w.org\/{rel}","templated":true}]}}