{"id":4315,"date":"2010-04-01T15:42:31","date_gmt":"2010-04-01T13:42:31","guid":{"rendered":"http:\/\/www.kulturkreis-wachtendonk.de\/cms\/?p=4315"},"modified":"2014-08-19T13:52:26","modified_gmt":"2014-08-19T11:52:26","slug":"theaterfest-2","status":"publish","type":"post","link":"https:\/\/www.kulturkreis-wachtendonk.de\/cms\/theaterfest-2\/","title":{"rendered":"Theaterfest"},"content":{"rendered":"<p><strong><\/strong><\/p>\n<p><strong><\/p>\n<p dir=\"ltr\"><img decoding=\"async\" title=\"B\u00fcrgerhaus\" class=\"alignleft size-thumbnail wp-image-4362\" src=\"http:\/\/www.kulturkreis-wachtendonk.de\/cms\/wp-content\/uploads\/2010\/04\/bargerhaus-41-150x150.jpg\" alt=\"B\u00fcrgerhaus\" width=\"150\" height=\"150\" \/>Theaterfest<\/p>\n<p><strong><\/strong><\/p>\n<p><strong><span style=\"font-family: Tms Rmn;\"><\/p>\n<p><br class=\"spacer_\" \/><\/p>\n<p dir=\"ltr\">Theaterspaziergang\u00a0&#8222;Weit weg &#8211; nah dran&#8220;<\/p>\n<p dir=\"ltr\">Freitag, 9.5. 2014,\u00a017 Uhr<\/p>\n<p><br class=\"spacer_\" \/><\/p>\n<p><\/span><\/strong><\/p>\n<p><strong><\/strong><\/p>\n<p><br class=\"spacer_\" \/><\/p>\n<p><\/strong><\/p>\n<p><strong><\/strong><\/p>\n<p><span style=\"font-family: Tms Rmn;\"><\/span><\/p>\n<p><span style=\"font-family: Tms Rmn;\"><\/p>\n<p><br class=\"spacer_\" \/><\/p>\n<p><\/span><\/p>\n<p><br class=\"spacer_\" \/><\/p>\n<p><br class=\"spacer_\" \/><\/p>\n<p><br class=\"spacer_\" \/><\/p>\n<p dir=\"ltr\" align=\"justify\">Der\u00a0 Theaterspaziergang Wachtendonk beginnt vor dem\u00a0B\u00fcrgerhaus &#8222;Altes Kloster&#8220;. <br \/>\n Unter dem Titel\u00a0&#8222;Weit weg &#8211; nah dran&#8220; f\u00fchrt der\u00a0Spaziergang durch 5 Spielorte im historischen Ortskern Wachtendonks und\u00a0zeigt vom\u00a0Sprechtheater \u00fcbers Kabarett bis hin zur szenischen Lesung diverse Formate der freien Theaterszene am Niederrhein.<\/p>\n<p dir=\"ltr\" align=\"justify\">Mitwirkende Ensembles\/Gruppen beim Theaterspaziergang:<\/p>\n<p dir=\"ltr\" align=\"justify\">theater hintenlinks, Krefeld<br \/>\n Theater Kreuz und Quer, Duisburg<br \/>\n Kabarett Rathauskantine, Neuss<br \/>\n Franka von Werden (Gesang) und Mattes Mankertz (Piano), Willich<br \/>\n u.a.<\/p>\n<p><strong><\/strong><\/p>\n<p><strong><\/p>\n<p dir=\"ltr\" align=\"justify\">Start: B\u00fcrgerhaus &#8222;Altes Kloster&#8220;<\/p>\n<p dir=\"ltr\" align=\"justify\">Kooperationsst\u00fcck &#8222;Mitten im Horizont&#8220;<\/p>\n<p dir=\"ltr\" align=\"justify\">Freitag, 9.5. 2014,\u00a019.30 Uhr<\/p>\n<p><\/strong><\/p>\n<p><strong><\/strong><\/p>\n<p dir=\"ltr\" align=\"justify\">6 Theaterensembles vom Niederrhein pr\u00e4sentieren\u00a0im B\u00fcrgerhaus &#8222;Altes Kloster&#8220; ein gemeinsam erarbeitetes B\u00fchnenprojekt. Das Kooperationsst\u00fcck mit dem Titel &#8222;Mitten im Horizont&#8220; besch\u00e4ftigt sich mit historischen Pers\u00f6nlichkeiten aus der Region und verbindet die verschiedenen Stile und Spielweisen der unterschiedlichen Theatermacher in einer gemeinsamen Rahmenhandlung.<\/p>\n<p dir=\"ltr\" align=\"justify\">Mitwirkende Ensembles\/Gruppen beim Kooperationsst\u00fcck:<\/p>\n<p dir=\"ltr\" align=\"justify\">Theatrix, Wachtendonk<br \/>\n Theater am Schlachthof, Neuss<br \/>\n Theater mini-art, Bedburg-Hau<br \/>\n XOX-Theater, Kleve<br \/>\n Theater im Flu\u00df, Kleve<br \/>\n TiK Figuren- und Marionettentheater, Emmerich<\/p>\n<p dir=\"ltr\" align=\"justify\">Weit weg &#8211; nah dran ist eine Initiative des Kulturraum Niederrhein e.V. in Zusammenarbeit mit dem Kulturkreis Wachtendonk e.V., dem Theater am Schlachthof (Neuss), Theatrix (Wachtendonk), Theater mini-art (Bedburg-Hau), XOX-Theater (Kleve), Theater im Flu\u00df (Kleve) und TiK Figuren- und Marionettentheater (Emmerich). Mit freundlicher Unterst\u00fctzung der Regionalen Kulturpolitik des Ministeriums f\u00fcr Familie, Kinder, Jugend, Kultur und Sport des Landes Nordrhein-Westfalen und des Landschaftsverbandes Rheinland.<\/p>\n<p><strong><\/strong><\/p>\n<p><strong><\/p>\n<p>B\u00fcrgerhaus &#8222;Altes Kloster&#8220;<\/p>\n<p><\/strong><\/p>\n<p><strong><\/strong><\/p>\n<p><br class=\"spacer_\" \/><\/p>\n","protected":false},"excerpt":{"rendered":"<p>Theaterfest Theaterspaziergang\u00a0&#8222;Weit weg &#8211; nah dran&#8220; Freitag, 9.5. 2014,\u00a017 Uhr Der\u00a0 Theaterspaziergang Wachtendonk beginnt vor dem\u00a0B\u00fcrgerhaus &#8222;Altes Kloster&#8220;. Unter dem Titel\u00a0&#8222;Weit weg &#8211; nah dran&#8220; f\u00fchrt der\u00a0Spaziergang durch 5 Spielorte im historischen Ortskern Wachtendonks und\u00a0zeigt vom\u00a0Sprechtheater \u00fcbers Kabarett bis hin zur szenischen Lesung diverse Formate der freien Theaterszene am Niederrhein. Mitwirkende Ensembles\/Gruppen beim Theaterspaziergang: theater &#8230; <\/p>\n<p class=\"read-more-container\"><a title=\"Theaterfest\" class=\"read-more button\" href=\"https:\/\/www.kulturkreis-wachtendonk.de\/cms\/theaterfest-2\/#more-4315\" aria-label=\"Mehr Informationen \u00fcber Theaterfest\">Weiterlesen &#8230;<\/a><\/p>\n","protected":false},"author":4,"featured_media":0,"comment_status":"closed","ping_status":"closed","sticky":false,"template":"","format":"standard","meta":{"footnotes":""},"categories":[16],"tags":[],"class_list":["post-4315","post","type-post","status-publish","format-standard","hentry","category-veranstaltungsarchiv"],"_links":{"self":[{"href":"https:\/\/www.kulturkreis-wachtendonk.de\/cms\/wp-json\/wp\/v2\/posts\/4315","targetHints":{"allow":["GET"]}}],"collection":[{"href":"https:\/\/www.kulturkreis-wachtendonk.de\/cms\/wp-json\/wp\/v2\/posts"}],"about":[{"href":"https:\/\/www.kulturkreis-wachtendonk.de\/cms\/wp-json\/wp\/v2\/types\/post"}],"author":[{"embeddable":true,"href":"https:\/\/www.kulturkreis-wachtendonk.de\/cms\/wp-json\/wp\/v2\/users\/4"}],"replies":[{"embeddable":true,"href":"https:\/\/www.kulturkreis-wachtendonk.de\/cms\/wp-json\/wp\/v2\/comments?post=4315"}],"version-history":[{"count":0,"href":"https:\/\/www.kulturkreis-wachtendonk.de\/cms\/wp-json\/wp\/v2\/posts\/4315\/revisions"}],"wp:attachment":[{"href":"https:\/\/www.kulturkreis-wachtendonk.de\/cms\/wp-json\/wp\/v2\/media?parent=4315"}],"wp:term":[{"taxonomy":"category","embeddable":true,"href":"https:\/\/www.kulturkreis-wachtendonk.de\/cms\/wp-json\/wp\/v2\/categories?post=4315"},{"taxonomy":"post_tag","embeddable":true,"href":"https:\/\/www.kulturkreis-wachtendonk.de\/cms\/wp-json\/wp\/v2\/tags?post=4315"}],"curies":[{"name":"wp","href":"https:\/\/api.w.org\/{rel}","templated":true}]}}