{"id":4245,"date":"2010-04-03T16:14:30","date_gmt":"2010-04-03T14:14:30","guid":{"rendered":"http:\/\/www.kulturkreis-wachtendonk.de\/cms\/?p=4245"},"modified":"2014-04-02T14:03:30","modified_gmt":"2014-04-02T12:03:30","slug":"musikfestival-2-tag-2","status":"publish","type":"post","link":"https:\/\/www.kulturkreis-wachtendonk.de\/cms\/musikfestival-2-tag-2\/","title":{"rendered":"Musikfestival 2. Tag"},"content":{"rendered":"<p><a href=\"http:\/\/www.kulturkreis-wachtendonk.de\/cms\/wp-content\/uploads\/2014\/02\/olfen.jpg\"><img decoding=\"async\" class=\"size-thumbnail wp-image-4246 alignleft\" title=\"Friedhelm Olfen\" src=\"http:\/\/www.kulturkreis-wachtendonk.de\/cms\/wp-content\/uploads\/2014\/02\/olfen-150x150.jpg\" alt=\"Friedhelm Olfen\" width=\"150\" height=\"150\" \/><\/a><\/p>\n<p><strong>1. Wachtendonker Musikwochenende<\/strong><\/p>\n<p><br class=\"spacer_\" \/><\/p>\n<p><br class=\"spacer_\" \/><\/p>\n<div><strong>Samstag, 29.3.2014, 19.30 Uhr<\/strong><\/div>\n<p><br class=\"spacer_\" \/><\/p>\n<p><strong><\/strong><\/p>\n<p><br class=\"spacer_\" \/><\/p>\n<p><strong><\/strong><\/p>\n<p><strong>Timo Brauwers (Gitarre)<br \/>\n<\/strong><strong>Friedhelm Olfen (Bandoneon)<br \/>\n<\/strong><br class=\"spacer_\" \/><\/p>\n<p style=\"text-align: justify;\"><span style=\"text-decoration: underline;\">Timo Brauwers (Gitarre)<\/span><\/p>\n<p style=\"text-align: justify;\">Ein Leben ohne Musik? Unvorstellbar f\u00fcr Timo Brauwers, der bereits fr\u00fch\u00a0 im Alter von 9 Jahren die Gitarre f\u00fcr sich entdeckte. Er studierte Jazz- und Populargitarre an der \u201eHogeschool vor de Kunsten&#8220; in Arnheim, entdeckte vor 10 Jahren die Steelstring-Gitarre f\u00fcr sich. Timo Brauwers komponierte bis heute zahlreiche Lieder -von melancholisch \u00fcber traurig bis hin zu fr\u00f6hlich und leicht-. Er spielte im akustischen Bereich viele Live-Konzerte. 2010 erschien seine Debut-CD \u201eOn My Way&#8220; unter Sony Music, die ihm im Dezember 2010 den ersten Preis als \u201eBester Instrumental Solist&#8220; und den zweiten Preis als \u201eBester Gitarrist&#8220; beim deutschen Rock und Pop Preis bescherte. Trotz der Tatsache, dass sich sein Schwerpunkt bei der akustischen Gitarre befindet, bleibt er auch den anderen Musikrichtungen treu und zeigt sich von einer anderen \u201eSaite&#8220;, wenn er mit seinen verschiedenen Bands bei Konzerten Rock oder Metal zum Besten gibt. Dass Timo diese Abwechslung liebt, merkt man bei seinen Live-Auftritten ganz besonders.<\/p>\n<p style=\"text-align: justify;\"><strong><em><\/em><\/strong><\/p>\n<p style=\"text-align: justify;\"><span style=\"text-decoration: underline;\">Friedhelm Olfen (Bandoneon)<\/span><\/p>\n<p style=\"text-align: justify;\">Friedhelm Olfen &#8211; Kantor und Kapellmeister &#8211; war\u00a0 von 1978 bis 2013\u00a0 an der Ev. Kirchengemeinde in Goch und als Kreiskantor im Ev. Kirchenkreises\u00a0 Kleve angestellt. Er besitzt eine umfassende Konzertpraxis, f\u00fchrte verschiedene Ch\u00f6re (Kinder-, Kirchen-, Gospel-\u00a0 und Bl\u00e4serchor) und. Von 1999 &#8211; 2009 leitete er als Dirigent des Oratorienchores der Stadt Goch\u00a0 immer wieder gro\u00dfe\u00a0 Auff\u00fchrungen\u00a0 f\u00fcr Chor und Orchester.\u00a0 \u00dcberdies ist er am unteren Niederrhein als Konzertorganist, Jazz-Pianist und Spieler des Accord\u00e9on diatonique f\u00fcr keltische Folklore bekannt. Im Fr\u00fchjahr 2001 begann seine autodidaktische\u00a0 Besch\u00e4ftigung mit dem Bandoneon, dem wohl \u00a0bekanntesten Instrument des argentinischen Tangos mit seiner melancholischen Grundstimmung.\u00a0 Freuen Sie sich auf ein besonderes Klangerlebnis mit einer gef\u00fchlvollen Musik voll feiner Innerlichkeit und gro\u00dfem Ausdruck.<\/p>\n<p style=\"text-align: justify;\"><strong>B\u00fcrgerhaus &#8222;Altes Kloster&#8220;<\/strong><\/p>\n<p style=\"text-align: justify;\"><strong>Eintritt frei, Spenden werden erbeten<\/strong><\/p>\n<p><br class=\"spacer_\" \/><\/p>\n","protected":false},"excerpt":{"rendered":"<p>1. Wachtendonker Musikwochenende Samstag, 29.3.2014, 19.30 Uhr Timo Brauwers (Gitarre) Friedhelm Olfen (Bandoneon) Timo Brauwers (Gitarre) Ein Leben ohne Musik? Unvorstellbar f\u00fcr Timo Brauwers, der bereits fr\u00fch\u00a0 im Alter von 9 Jahren die Gitarre f\u00fcr sich entdeckte. Er studierte Jazz- und Populargitarre an der \u201eHogeschool vor de Kunsten&#8220; in Arnheim, entdeckte vor 10 Jahren die &#8230; <\/p>\n<p class=\"read-more-container\"><a title=\"Musikfestival 2. Tag\" class=\"read-more button\" href=\"https:\/\/www.kulturkreis-wachtendonk.de\/cms\/musikfestival-2-tag-2\/#more-4245\" aria-label=\"Mehr Informationen \u00fcber Musikfestival 2. Tag\">Weiterlesen &#8230;<\/a><\/p>\n","protected":false},"author":4,"featured_media":0,"comment_status":"closed","ping_status":"closed","sticky":false,"template":"","format":"standard","meta":{"footnotes":""},"categories":[16],"tags":[],"class_list":["post-4245","post","type-post","status-publish","format-standard","hentry","category-veranstaltungsarchiv"],"_links":{"self":[{"href":"https:\/\/www.kulturkreis-wachtendonk.de\/cms\/wp-json\/wp\/v2\/posts\/4245","targetHints":{"allow":["GET"]}}],"collection":[{"href":"https:\/\/www.kulturkreis-wachtendonk.de\/cms\/wp-json\/wp\/v2\/posts"}],"about":[{"href":"https:\/\/www.kulturkreis-wachtendonk.de\/cms\/wp-json\/wp\/v2\/types\/post"}],"author":[{"embeddable":true,"href":"https:\/\/www.kulturkreis-wachtendonk.de\/cms\/wp-json\/wp\/v2\/users\/4"}],"replies":[{"embeddable":true,"href":"https:\/\/www.kulturkreis-wachtendonk.de\/cms\/wp-json\/wp\/v2\/comments?post=4245"}],"version-history":[{"count":0,"href":"https:\/\/www.kulturkreis-wachtendonk.de\/cms\/wp-json\/wp\/v2\/posts\/4245\/revisions"}],"wp:attachment":[{"href":"https:\/\/www.kulturkreis-wachtendonk.de\/cms\/wp-json\/wp\/v2\/media?parent=4245"}],"wp:term":[{"taxonomy":"category","embeddable":true,"href":"https:\/\/www.kulturkreis-wachtendonk.de\/cms\/wp-json\/wp\/v2\/categories?post=4245"},{"taxonomy":"post_tag","embeddable":true,"href":"https:\/\/www.kulturkreis-wachtendonk.de\/cms\/wp-json\/wp\/v2\/tags?post=4245"}],"curies":[{"name":"wp","href":"https:\/\/api.w.org\/{rel}","templated":true}]}}