{"id":4128,"date":"2009-12-15T10:39:28","date_gmt":"2009-12-15T08:39:28","guid":{"rendered":"http:\/\/www.kulturkreis-wachtendonk.de\/cms\/?p=4128"},"modified":"2014-06-27T09:33:08","modified_gmt":"2014-06-27T07:33:08","slug":"ausstellung-10","status":"publish","type":"post","link":"https:\/\/www.kulturkreis-wachtendonk.de\/cms\/ausstellung-10\/","title":{"rendered":"Ausstellung"},"content":{"rendered":"<p><img decoding=\"async\" class=\"alignleft size-thumbnail wp-image-4129\" title=\"Gruppe &quot;MachArt&quot;\" src=\"http:\/\/www.kulturkreis-wachtendonk.de\/cms\/wp-content\/uploads\/2014\/01\/gruppenfoto-2011-amerner-mahlenturm1-150x150.jpg\" alt=\"Gruppe &quot;MachArt&quot;\" width=\"150\" height=\"150\" \/><strong>Gruppe &#8222;MachArt&#8220;<\/strong><\/p>\n<p><strong>\u201cOffenes Atelier\u201d <\/strong><br class=\"spacer_\" \/><\/p>\n<p><strong>Montag, 16.6. bis Sonntag 22.6.2014<\/strong><\/p>\n<p style=\"text-align: justify;\">Die Gruppe MachART ist seit 1993 ein Zusammenschluss von aktuell 11 K\u00fcnstler\/innen vom linken Niederrhein. Jedes Jahr findet eine gemeinsame \u00f6ffentliche Ausstellung statt, in der sich alle Mitglieder mit einem gemeinsam erarbeiteten Thema auseinandersetzen. Maler\/innen, Grafiker\/innen, Bildhauer, eine Keramikerin, eine Fotografin und eine Glask\u00fcnstlerin treffen sich regelm\u00e4\u00dfig zum k\u00fcnstlerischen Austausch und gemeinsamen Arbeiten.<br \/>\nDie Teilnehmer arbeiten vor Ort im Sinne ihrer eigenen k\u00fcnstlerischen Positionen. Die Abgeschiedenheit des Arbeitsortes erm\u00f6glicht eine intensive Auseinandersetzung mit der eigenen Arbeit und mit den Arbeiten der anderen Gruppenmitglieder. In Reaktion auch auf die R\u00e4umlichkeiten und die umgebende Natur entsteht ein fruchtbarer, k\u00fcnstlerischer Dialog.<\/p>\n<p style=\"text-align: justify;\">Die T\u00fcren stehen an allen Tagen von 10.00 Uhr bis 18.00 Uhr\u00a0offen, d.h. Besucher sind herzlich eingeladen, den K\u00fcnstlern \u00fcber die Schulter zu schauen. Die K\u00fcnstler\/innen freuen sich auf viele Gespr\u00e4che, Kommentare und Meinungen zu ihren Arbeiten.\u00a0 Im Rahmen einer Finissage am Samstag, den 21. Juni um 17.00 Uhr, zu der alle Interessierten eingeladen sind, k\u00f6nnen die entstandenen Arbeiten in gem\u00fctlichem Rahmen betrachtet werden.<\/p>\n<p style=\"text-align: justify;\">Mitglieder der Gruppe:<\/p>\n<p style=\"text-align: justify;\">Margarete Beckers\/ Wegberg<br \/>\nHanna Br\u00fcckelmann\/ Br\u00fcggen<br \/>\nMartina Erkes\/ Br\u00fcggen<br \/>\nHeidi Goldhammer\/ M\u00f6nchengladbach<br \/>\nDr. Antje Hambitzer\/ Br\u00fcggen<br \/>\nKlaudia Hummen\/ Kempen<br \/>\nPaul Jakob Hoerkens\/ Niederkr\u00fcchten<br \/>\nMartina Jaesch\/ Br\u00fcggen<br \/>\nChristiane Koken\/ Niederkr\u00fcchten<br \/>\nElke Schrey\/ Br\u00fcggen<br \/>\nGisela Stiller\/ Br\u00fcggen<\/p>\n<p style=\"text-align: justify;\"><strong>\u201cAltes Wasserwerk\u201d<\/strong><\/p>\n<p><strong>Eintritt frei<\/strong><\/p>\n","protected":false},"excerpt":{"rendered":"<p>Gruppe &#8222;MachArt&#8220; \u201cOffenes Atelier\u201d Montag, 16.6. bis Sonntag 22.6.2014 Die Gruppe MachART ist seit 1993 ein Zusammenschluss von aktuell 11 K\u00fcnstler\/innen vom linken Niederrhein. Jedes Jahr findet eine gemeinsame \u00f6ffentliche Ausstellung statt, in der sich alle Mitglieder mit einem gemeinsam erarbeiteten Thema auseinandersetzen. Maler\/innen, Grafiker\/innen, Bildhauer, eine Keramikerin, eine Fotografin und eine Glask\u00fcnstlerin treffen sich &#8230; <\/p>\n<p class=\"read-more-container\"><a title=\"Ausstellung\" class=\"read-more button\" href=\"https:\/\/www.kulturkreis-wachtendonk.de\/cms\/ausstellung-10\/#more-4128\" aria-label=\"Mehr Informationen \u00fcber Ausstellung\">Weiterlesen &#8230;<\/a><\/p>\n","protected":false},"author":4,"featured_media":0,"comment_status":"closed","ping_status":"closed","sticky":false,"template":"","format":"standard","meta":{"footnotes":""},"categories":[16],"tags":[],"class_list":["post-4128","post","type-post","status-publish","format-standard","hentry","category-veranstaltungsarchiv"],"_links":{"self":[{"href":"https:\/\/www.kulturkreis-wachtendonk.de\/cms\/wp-json\/wp\/v2\/posts\/4128","targetHints":{"allow":["GET"]}}],"collection":[{"href":"https:\/\/www.kulturkreis-wachtendonk.de\/cms\/wp-json\/wp\/v2\/posts"}],"about":[{"href":"https:\/\/www.kulturkreis-wachtendonk.de\/cms\/wp-json\/wp\/v2\/types\/post"}],"author":[{"embeddable":true,"href":"https:\/\/www.kulturkreis-wachtendonk.de\/cms\/wp-json\/wp\/v2\/users\/4"}],"replies":[{"embeddable":true,"href":"https:\/\/www.kulturkreis-wachtendonk.de\/cms\/wp-json\/wp\/v2\/comments?post=4128"}],"version-history":[{"count":0,"href":"https:\/\/www.kulturkreis-wachtendonk.de\/cms\/wp-json\/wp\/v2\/posts\/4128\/revisions"}],"wp:attachment":[{"href":"https:\/\/www.kulturkreis-wachtendonk.de\/cms\/wp-json\/wp\/v2\/media?parent=4128"}],"wp:term":[{"taxonomy":"category","embeddable":true,"href":"https:\/\/www.kulturkreis-wachtendonk.de\/cms\/wp-json\/wp\/v2\/categories?post=4128"},{"taxonomy":"post_tag","embeddable":true,"href":"https:\/\/www.kulturkreis-wachtendonk.de\/cms\/wp-json\/wp\/v2\/tags?post=4128"}],"curies":[{"name":"wp","href":"https:\/\/api.w.org\/{rel}","templated":true}]}}