{"id":13357,"date":"2025-12-01T17:21:51","date_gmt":"2025-12-01T16:21:51","guid":{"rendered":"https:\/\/www.kulturkreis-wachtendonk.de\/cms\/?p=13357"},"modified":"2025-12-01T17:25:45","modified_gmt":"2025-12-01T16:25:45","slug":"lost-place-comedy-freitag-21-08-2026","status":"publish","type":"post","link":"https:\/\/www.kulturkreis-wachtendonk.de\/cms\/lost-place-comedy-freitag-21-08-2026\/","title":{"rendered":"Lost Place Comedy * Freitag, 21.08.2026"},"content":{"rendered":"<p><span style=\"color: #800000;\"><strong>Comedy Mix Show \u2022 Ort: an der Burgruine<\/strong><\/span><\/p>\n<p><a href=\"https:\/\/www.kulturkreis-wachtendonk.de\/cms\/wp-content\/uploads\/2023\/12\/Lost-Place-Comedy-neu_1200.jpg\"><img fetchpriority=\"high\" decoding=\"async\" class=\"alignleft size-medium wp-image-11992\" src=\"https:\/\/www.kulturkreis-wachtendonk.de\/cms\/wp-content\/uploads\/2023\/12\/Lost-Place-Comedy-neu_1200-300x200.jpg\" alt=\"\" width=\"300\" height=\"200\" srcset=\"https:\/\/www.kulturkreis-wachtendonk.de\/cms\/wp-content\/uploads\/2023\/12\/Lost-Place-Comedy-neu_1200-300x200.jpg 300w, https:\/\/www.kulturkreis-wachtendonk.de\/cms\/wp-content\/uploads\/2023\/12\/Lost-Place-Comedy-neu_1200-1024x683.jpg 1024w, https:\/\/www.kulturkreis-wachtendonk.de\/cms\/wp-content\/uploads\/2023\/12\/Lost-Place-Comedy-neu_1200-768x512.jpg 768w, https:\/\/www.kulturkreis-wachtendonk.de\/cms\/wp-content\/uploads\/2023\/12\/Lost-Place-Comedy-neu_1200.jpg 1200w\" sizes=\"(max-width: 300px) 100vw, 300px\" \/><\/a>Nach den gro\u00dfen Erfolgen der letzten Jahre findet die 7. Auflage von \u201eLost-Place-Comedy\u201c in den Mauern der Burgruine statt. Verlassenen Orten (Lost-Place) wieder neues Leben einhauchen, ist das Motto dieser Veranstaltung.<\/p>\n<p>Diese einzigartige Comedy-Mix-Show bietet f\u00fcr jeden Besucher ein abwechslungsreiches Programm, da alle Comedians in jeweils 2 Auftritten ihr K\u00f6nnen zum Besten geben. Dadurch ist ein unterhaltsamer Abend garantiert.<\/p>\n<p>Wer 2026 auf der B\u00fchne stehen wird, ist aktuell noch geheim: Moderator und Veranstalter Manuel Bodden wird aber wieder ein gl\u00fcckliches H\u00e4ndchen bei der Auswahl der K\u00fcnstler beweisen.<\/p>\n<p>Der <strong>KARTENVORVERKAUF<\/strong> l\u00e4uft bereits \u2b62 <a href=\"https:\/\/lost-place-comedy.de\/\" target=\"_blank\" rel=\"noopener\">Lost-Place-Events \u2013 \u2026wir beleben verlassene Orte<\/a>.<\/p>\n<p>Termin: Freitag, 21.08.2026, 20 Uhr (Einlass: 19 Uhr)<\/p>\n","protected":false},"excerpt":{"rendered":"<p>Comedy Mix Show \u2022 Ort: an der Burgruine Nach den gro\u00dfen Erfolgen der letzten Jahre findet die 7. Auflage von \u201eLost-Place-Comedy\u201c in den Mauern der Burgruine statt. Verlassenen Orten (Lost-Place) wieder neues Leben einhauchen, ist das Motto dieser Veranstaltung. Diese einzigartige Comedy-Mix-Show bietet f\u00fcr jeden Besucher ein abwechslungsreiches Programm, da alle Comedians in jeweils 2 &#8230; <\/p>\n<p class=\"read-more-container\"><a title=\"Lost Place Comedy * Freitag, 21.08.2026\" class=\"read-more button\" href=\"https:\/\/www.kulturkreis-wachtendonk.de\/cms\/lost-place-comedy-freitag-21-08-2026\/#more-13357\" aria-label=\"Mehr Informationen \u00fcber Lost Place Comedy * Freitag, 21.08.2026\">Weiterlesen &#8230;<\/a><\/p>\n","protected":false},"author":4,"featured_media":0,"comment_status":"closed","ping_status":"closed","sticky":false,"template":"","format":"standard","meta":{"footnotes":""},"categories":[17],"tags":[],"class_list":["post-13357","post","type-post","status-publish","format-standard","hentry","category-aktuelle-events"],"_links":{"self":[{"href":"https:\/\/www.kulturkreis-wachtendonk.de\/cms\/wp-json\/wp\/v2\/posts\/13357","targetHints":{"allow":["GET"]}}],"collection":[{"href":"https:\/\/www.kulturkreis-wachtendonk.de\/cms\/wp-json\/wp\/v2\/posts"}],"about":[{"href":"https:\/\/www.kulturkreis-wachtendonk.de\/cms\/wp-json\/wp\/v2\/types\/post"}],"author":[{"embeddable":true,"href":"https:\/\/www.kulturkreis-wachtendonk.de\/cms\/wp-json\/wp\/v2\/users\/4"}],"replies":[{"embeddable":true,"href":"https:\/\/www.kulturkreis-wachtendonk.de\/cms\/wp-json\/wp\/v2\/comments?post=13357"}],"version-history":[{"count":5,"href":"https:\/\/www.kulturkreis-wachtendonk.de\/cms\/wp-json\/wp\/v2\/posts\/13357\/revisions"}],"predecessor-version":[{"id":13362,"href":"https:\/\/www.kulturkreis-wachtendonk.de\/cms\/wp-json\/wp\/v2\/posts\/13357\/revisions\/13362"}],"wp:attachment":[{"href":"https:\/\/www.kulturkreis-wachtendonk.de\/cms\/wp-json\/wp\/v2\/media?parent=13357"}],"wp:term":[{"taxonomy":"category","embeddable":true,"href":"https:\/\/www.kulturkreis-wachtendonk.de\/cms\/wp-json\/wp\/v2\/categories?post=13357"},{"taxonomy":"post_tag","embeddable":true,"href":"https:\/\/www.kulturkreis-wachtendonk.de\/cms\/wp-json\/wp\/v2\/tags?post=13357"}],"curies":[{"name":"wp","href":"https:\/\/api.w.org\/{rel}","templated":true}]}}