{"id":13332,"date":"2025-01-05T13:00:04","date_gmt":"2025-01-05T12:00:04","guid":{"rendered":"https:\/\/www.kulturkreis-wachtendonk.de\/cms\/?p=13332"},"modified":"2026-01-05T15:09:05","modified_gmt":"2026-01-05T14:09:05","slug":"festliche-musik-zum-neuen-jahr-mit-ute-gremmel-geuchen","status":"publish","type":"post","link":"https:\/\/www.kulturkreis-wachtendonk.de\/cms\/festliche-musik-zum-neuen-jahr-mit-ute-gremmel-geuchen\/","title":{"rendered":"Festliche Musik zum Neuen Jahr mit Ute Gremmel-Geuchen"},"content":{"rendered":"<p><strong>Der Kulturkreis Wachtendonk l\u00e4dt zum Orgelkonzert am Donnerstag, <span style=\"color: #800000;\">01.01.2026, 17 Uhr, <\/span>in die <span style=\"color: #800000;\">St. Michael Kirche <\/span>Wachtendonk ein.<\/strong><\/p>\n<p>Ute Gremmel-Geuchen pr\u00e4sentiert virtuose Musik aus Frankreich, von Gigout, Franck und Guilmant.<\/p>\n<p><a href=\"http:\/\/www.kulturkreis-wachtendonk.de\/cms\/wp-content\/uploads\/2025\/10\/DSC_2669_122.jpg\"><img decoding=\"async\" class=\"alignleft size-thumbnail wp-image-13335\" src=\"http:\/\/www.kulturkreis-wachtendonk.de\/cms\/wp-content\/uploads\/2025\/10\/DSC_2669_122-200x200.jpg\" alt=\"\" width=\"200\" height=\"200\" \/><\/a> <a href=\"http:\/\/www.kulturkreis-wachtendonk.de\/cms\/wp-content\/uploads\/2025\/10\/DSC_7422_1200.jpg\"><img decoding=\"async\" class=\"alignleft size-thumbnail wp-image-13334\" src=\"http:\/\/www.kulturkreis-wachtendonk.de\/cms\/wp-content\/uploads\/2025\/10\/DSC_7422_1200-200x200.jpg\" alt=\"\" width=\"200\" height=\"200\" \/><\/a> Die Cembalistin und Organistin Ute Gremmel-Geuchen konzertiert seit vielen Jahren mit einem umfangreichen, vielseitigen Repertoire, das von fr\u00fchester Musik \u00fcber Werke des Barock und der Romantik bis hin zu zeitgen\u00f6ssischen Werken reicht. Ihre Konzerte f\u00fchrten sie an bedeutende historische Orgeln in ganz Europa und in den USA.<\/p>\n<p>Bei zahlreichen Rundfunk- und CD-Aufnahmen ist sie als Solistin zu h\u00f6ren. 2012 war sie an einer Gesamtaufnahme des Bachschen Orgelwerkes im Elsass f\u00fcr das Label Aeolus mit f\u00fcnf von insgesamt 19 CDs beteiligt. Diese Aufnahme wurde mit dem bedeutenden Schallplattenpreis ECHO KLASSIK ausgezeichnet.<\/p>\n<p>Seit 2000 ist Ute Gremmel-Geuchen Titularorganistin an der 1752 von Ludwig K\u00f6nig erbauten Orgel der Paterskirche zu Kempen am Niederrhein und K\u00fcnstlerische Leiterin der internationalen Konzertreihe Kempener Orgelkonzerte.<\/p>\n<p>Ausgebildet wurde Ute Gremmel-Geuchen bereits als Jugendliche in ihrer Heimatstadt D\u00fcsseldorf bei dem Komponisten und Kirchenmusikdirektor Oskar Gottlieb Blarr. Sie studierte Kirchenmusik ( A- Examen ) an der Musikhochschule K\u00f6ln, dabei Orgel bei Peter Neumann.<\/p>\n<p><strong>Der Eintritt ist frei. Der Veranstalter bittet stattdessen am Ende des Konzertes um eine Spende.<\/strong><\/p>\n","protected":false},"excerpt":{"rendered":"<p>Der Kulturkreis Wachtendonk l\u00e4dt zum Orgelkonzert am Donnerstag, 01.01.2026, 17 Uhr, in die St. Michael Kirche Wachtendonk ein. Ute Gremmel-Geuchen pr\u00e4sentiert virtuose Musik aus Frankreich, von Gigout, Franck und Guilmant. Die Cembalistin und Organistin Ute Gremmel-Geuchen konzertiert seit vielen Jahren mit einem umfangreichen, vielseitigen Repertoire, das von fr\u00fchester Musik \u00fcber Werke des Barock und der &#8230; <\/p>\n<p class=\"read-more-container\"><a title=\"Festliche Musik zum Neuen Jahr mit Ute Gremmel-Geuchen\" class=\"read-more button\" href=\"https:\/\/www.kulturkreis-wachtendonk.de\/cms\/festliche-musik-zum-neuen-jahr-mit-ute-gremmel-geuchen\/#more-13332\" aria-label=\"Mehr Informationen \u00fcber Festliche Musik zum Neuen Jahr mit Ute Gremmel-Geuchen\">Weiterlesen &#8230;<\/a><\/p>\n","protected":false},"author":4,"featured_media":0,"comment_status":"closed","ping_status":"closed","sticky":false,"template":"","format":"standard","meta":{"footnotes":""},"categories":[16],"tags":[],"class_list":["post-13332","post","type-post","status-publish","format-standard","hentry","category-veranstaltungsarchiv"],"_links":{"self":[{"href":"https:\/\/www.kulturkreis-wachtendonk.de\/cms\/wp-json\/wp\/v2\/posts\/13332","targetHints":{"allow":["GET"]}}],"collection":[{"href":"https:\/\/www.kulturkreis-wachtendonk.de\/cms\/wp-json\/wp\/v2\/posts"}],"about":[{"href":"https:\/\/www.kulturkreis-wachtendonk.de\/cms\/wp-json\/wp\/v2\/types\/post"}],"author":[{"embeddable":true,"href":"https:\/\/www.kulturkreis-wachtendonk.de\/cms\/wp-json\/wp\/v2\/users\/4"}],"replies":[{"embeddable":true,"href":"https:\/\/www.kulturkreis-wachtendonk.de\/cms\/wp-json\/wp\/v2\/comments?post=13332"}],"version-history":[{"count":8,"href":"https:\/\/www.kulturkreis-wachtendonk.de\/cms\/wp-json\/wp\/v2\/posts\/13332\/revisions"}],"predecessor-version":[{"id":13367,"href":"https:\/\/www.kulturkreis-wachtendonk.de\/cms\/wp-json\/wp\/v2\/posts\/13332\/revisions\/13367"}],"wp:attachment":[{"href":"https:\/\/www.kulturkreis-wachtendonk.de\/cms\/wp-json\/wp\/v2\/media?parent=13332"}],"wp:term":[{"taxonomy":"category","embeddable":true,"href":"https:\/\/www.kulturkreis-wachtendonk.de\/cms\/wp-json\/wp\/v2\/categories?post=13332"},{"taxonomy":"post_tag","embeddable":true,"href":"https:\/\/www.kulturkreis-wachtendonk.de\/cms\/wp-json\/wp\/v2\/tags?post=13332"}],"curies":[{"name":"wp","href":"https:\/\/api.w.org\/{rel}","templated":true}]}}