{"id":13295,"date":"2025-07-25T16:45:11","date_gmt":"2025-07-25T14:45:11","guid":{"rendered":"https:\/\/www.kulturkreis-wachtendonk.de\/cms\/?p=13295"},"modified":"2025-09-22T16:10:00","modified_gmt":"2025-09-22T14:10:00","slug":"kunstausstellung-im-alten-wasserwerk-wachtendonk-ab-06-09-25","status":"publish","type":"post","link":"https:\/\/www.kulturkreis-wachtendonk.de\/cms\/kunstausstellung-im-alten-wasserwerk-wachtendonk-ab-06-09-25\/","title":{"rendered":"Kunstausstellung im Alten Wasserwerk Wachtendonk ab 06.09.25"},"content":{"rendered":"<p><a href=\"http:\/\/www.kulturkreis-wachtendonk.de\/cms\/wp-content\/uploads\/2025\/07\/IMG_1487-2_1.jpg\"><img decoding=\"async\" class=\"alignleft size-thumbnail wp-image-13296\" src=\"http:\/\/www.kulturkreis-wachtendonk.de\/cms\/wp-content\/uploads\/2025\/07\/IMG_1487-2_1-200x200.jpg\" alt=\"\" width=\"200\" height=\"200\" \/><\/a> <a href=\"http:\/\/www.kulturkreis-wachtendonk.de\/cms\/wp-content\/uploads\/2025\/07\/IMG_1490_1.jpg\"><img decoding=\"async\" class=\"alignleft size-thumbnail wp-image-13297\" src=\"http:\/\/www.kulturkreis-wachtendonk.de\/cms\/wp-content\/uploads\/2025\/07\/IMG_1490_1-200x200.jpg\" alt=\"\" width=\"200\" height=\"200\" \/><\/a>Im Mittelpunkt der diesj\u00e4hrigen <strong>Kunstausstellung von Friedhelm Laser<\/strong> im Alten Wasserwerk Wachtendonk steht das Buch.<\/p>\n<p>Die gezeigten Buchobjekte sind eine Hommage an eines der \u00e4ltesten mobilen Endger\u00e4te.<\/p>\n<p>Unter der \u00dcberschrift \u201eNeue W\u00f6rter braucht das Land\u201c werden wie in den vorangegangenen Ausstellungen Wortneusch\u00f6pfungen gezeigt.<\/p>\n<p>&nbsp;<\/p>\n<p>Dar\u00fcber hinaus laden weitere Objekte und Fotos zu verschiedenen Themen die Ausstellungsbesucher zum Schauen und Nachdenken ein.<\/p>\n<p><b>\u00d6ffnungszeiten<\/b><\/p>\n<ul>\n<li>6. und 7. September sowie 13. und 14. September 2025<\/li>\n<li>An allen Tagen von 11 bis 17 Uhr<\/li>\n<\/ul>\n","protected":false},"excerpt":{"rendered":"<p>Im Mittelpunkt der diesj\u00e4hrigen Kunstausstellung von Friedhelm Laser im Alten Wasserwerk Wachtendonk steht das Buch. Die gezeigten Buchobjekte sind eine Hommage an eines der \u00e4ltesten mobilen Endger\u00e4te. Unter der \u00dcberschrift \u201eNeue W\u00f6rter braucht das Land\u201c werden wie in den vorangegangenen Ausstellungen Wortneusch\u00f6pfungen gezeigt. &nbsp; Dar\u00fcber hinaus laden weitere Objekte und Fotos zu verschiedenen Themen die &#8230; <\/p>\n<p class=\"read-more-container\"><a title=\"Kunstausstellung im Alten Wasserwerk Wachtendonk ab 06.09.25\" class=\"read-more button\" href=\"https:\/\/www.kulturkreis-wachtendonk.de\/cms\/kunstausstellung-im-alten-wasserwerk-wachtendonk-ab-06-09-25\/#more-13295\" aria-label=\"Mehr Informationen \u00fcber Kunstausstellung im Alten Wasserwerk Wachtendonk ab 06.09.25\">Weiterlesen &#8230;<\/a><\/p>\n","protected":false},"author":4,"featured_media":0,"comment_status":"closed","ping_status":"closed","sticky":false,"template":"","format":"standard","meta":{"footnotes":""},"categories":[16],"tags":[],"class_list":["post-13295","post","type-post","status-publish","format-standard","hentry","category-veranstaltungsarchiv"],"_links":{"self":[{"href":"https:\/\/www.kulturkreis-wachtendonk.de\/cms\/wp-json\/wp\/v2\/posts\/13295","targetHints":{"allow":["GET"]}}],"collection":[{"href":"https:\/\/www.kulturkreis-wachtendonk.de\/cms\/wp-json\/wp\/v2\/posts"}],"about":[{"href":"https:\/\/www.kulturkreis-wachtendonk.de\/cms\/wp-json\/wp\/v2\/types\/post"}],"author":[{"embeddable":true,"href":"https:\/\/www.kulturkreis-wachtendonk.de\/cms\/wp-json\/wp\/v2\/users\/4"}],"replies":[{"embeddable":true,"href":"https:\/\/www.kulturkreis-wachtendonk.de\/cms\/wp-json\/wp\/v2\/comments?post=13295"}],"version-history":[{"count":4,"href":"https:\/\/www.kulturkreis-wachtendonk.de\/cms\/wp-json\/wp\/v2\/posts\/13295\/revisions"}],"predecessor-version":[{"id":13301,"href":"https:\/\/www.kulturkreis-wachtendonk.de\/cms\/wp-json\/wp\/v2\/posts\/13295\/revisions\/13301"}],"wp:attachment":[{"href":"https:\/\/www.kulturkreis-wachtendonk.de\/cms\/wp-json\/wp\/v2\/media?parent=13295"}],"wp:term":[{"taxonomy":"category","embeddable":true,"href":"https:\/\/www.kulturkreis-wachtendonk.de\/cms\/wp-json\/wp\/v2\/categories?post=13295"},{"taxonomy":"post_tag","embeddable":true,"href":"https:\/\/www.kulturkreis-wachtendonk.de\/cms\/wp-json\/wp\/v2\/tags?post=13295"}],"curies":[{"name":"wp","href":"https:\/\/api.w.org\/{rel}","templated":true}]}}